{
    "version": "https://jsonfeed.org/version/1.1",
    "user_comment": "This feed allows you to read the posts from this site in any feed reader that supports the JSON Feed format. To add this feed to your reader, copy the following URL -- https://www.les-communs-dabord.org/tag/logiciel-libre/feed/json/ -- and add it your reader.",
    "next_url": "https://www.les-communs-dabord.org/tag/logiciel-libre/feed/json/?paged=2",
    "home_page_url": "https://www.les-communs-dabord.org/tag/logiciel-libre/",
    "feed_url": "https://www.les-communs-dabord.org/tag/logiciel-libre/feed/json/",
    "language": "fr-FR",
    "title": "logiciel libre Archives - Les Communs d&#039;Abord",
    "description": "le media des communs",
    "icon": "https://www.les-communs-dabord.org/wp-content/uploads/sites/18/2016/07/favicon-lcd.png",
    "items": [
        {
            "id": "https://www.les-communs-dabord.org/?p=6799",
            "url": "https://www.les-communs-dabord.org/vous-avez-dit-mastodon/",
            "title": "Vous avez dit Mastodon\u00a0?",
            "content_html": "<p>Vous ne le saviez peut-\u00eatre pas, mais depuis juin 2017, outre la <a href=\"https://www.les-communs-dabord.org/abonnez-a-newsletter/\">newsletter</a>, <a href=\"https://www.facebook.com/ActuCommuns/\" target=\"_blank\" rel=\"noopener\">Facebook</a> et <a href=\"https://twitter.com/LesCommuns\" target=\"_blank\" rel=\"noopener\">Twitter</a>, le blog \u00ab\u00a0Les Communs d&rsquo;Abord\u00a0\u00bb diffuse sa veille sur <a href=\"https://mastodon.lescommuns.org/@LesCommunsDAbord\" target=\"_blank\" rel=\"noopener\">son compte Mastodon</a>.</p>\n<h2 class=\"western\">Mastodon, qu\u2019est-ce donc ?</h2>\n<blockquote><p>Vous avez peu de temps ? Voici <a href=\"https://framatube.org/w/4294a720-f263-4ea4-9392-cf9cea4d5277\" target=\"_blank\" rel=\"noopener\">une petite vid\u00e9o</a> de 1&rsquo;37 en anglais sous-titr\u00e9e en fran\u00e7ais.</p></blockquote>\n<p><a href=\"https://fr.wikipedia.org/wiki/Mastodon_(r%C3%A9seau_social)\" target=\"_blank\" rel=\"noopener\">Mastodon</a> est un r\u00e9seau social qui permet de partager des messages de 500 caract\u00e8res contenant du texte, des images et des vid\u00e9os. Sur la forme, il ressemble donc beaucoup \u00e0 son homologue Twitter. Mais sur le fond, c&rsquo;est une toute autre proposition technique et sociale qui est faite avec ce logiciel, \u00e0 de nombreux \u00e9gards :</p>\n<ul>\n<li>il s&rsquo;agit tout d&rsquo;abord d&rsquo;un <a href=\"https://fr.wikipedia.org/wiki/Logiciel_libre\" target=\"_blank\" rel=\"noopener\">logiciel libre</a>, c\u2019est \u00e0 dire que son code est ouvert et que tout le monde peut le copier et le modifier. Cela permet \u00e0 toute personne ayant les comp\u00e9tences de d\u00e9velopper sa propre version du logiciel ;</li>\n<li>Mastodon consiste en un r\u00e9seau de serveurs g\u00e9r\u00e9s par des personnes et des collectifs vari\u00e9s. C&rsquo;est ce qu&rsquo;on appelle la <a href=\"https://fr.wikipedia.org/wiki/D%C3%A9centralisation\" target=\"_blank\" rel=\"noopener\">d\u00e9centralisation</a>. Ces serveurs, appel\u00e9s instances, communiquent les uns avec les autres. Ainsi, de la m\u00eame mani\u00e8re que vous choisissez votre fournisseur de mail pour vous cr\u00e9er un compte mail, vous choisissez une instance pour cr\u00e9er votre compte Mastodon ;</li>\n<li>en pratique, il n&rsquo;y a aucun algorithme qui d\u00e9cide \u00e0 la place des utilisateur\u22c5ices des contenus \u00e0 afficher, ni aucune publicit\u00e9. Votre flux quotidien est donc compos\u00e9 uniquement des posts des comptes auxquels vous \u00eates abonn\u00e9\u22c5e, dans le sens chronologique ;</li>\n<li>en plus de tout \u00e7a, Mastodon fait partie d&rsquo;un r\u00e9seau encore plus vaste, appel\u00e9 le <a href=\"https://fr.wikipedia.org/wiki/Fediverse\" target=\"_blank\" rel=\"noopener\">fediverse</a> (contraction de \u00ab\u00a0univers\u00a0\u00bb et \u00ab\u00a0f\u00e9d\u00e9r\u00e9\u00a0\u00bb en anglais) dans lequel on va trouver tout un tas d&rsquo;autres outils permettant de partager des <a href=\"https://fr.wikipedia.org/wiki/PeerTube\" target=\"_blank\" rel=\"noopener\">vid\u00e9os</a>, des <a href=\"https://fr.wikipedia.org/wiki/Pixelfed\" target=\"_blank\" rel=\"noopener\">images</a>, de la <a href=\"https://fr.wikipedia.org/wiki/Funkwhale\" target=\"_blank\" rel=\"noopener\">musique</a>, des <a href=\"https://fr.wikipedia.org/wiki/Castopod\" target=\"_blank\" rel=\"noopener\">podcasts</a>, des <a href=\"https://writefreely.org/\" target=\"_blank\" rel=\"noopener\">textes</a> longs, des <a href=\"https://fr.wikipedia.org/wiki/Mobilizon\" target=\"_blank\" rel=\"noopener\">\u00e9v\u00e9nements</a>, etc. tous reli\u00e9s les uns aux autres. Avec un seul compte sur un des outils, vous pouvez consulter les contenus et les commenter d&rsquo;une plateforme \u00e0 l&rsquo;autre.</li>\n</ul>\n<p>Il faut mesurer ce que cela signifie, notamment concernant la <b>gouvernance</b> : les d\u00e9cisions concernant les contenus (mod\u00e9ration) ou les fonctionnalit\u00e9s (interface) ne sont pas centralis\u00e9es autour d&rsquo;un\u22c5e dirigeant\u22c5e unique. Chaque instance est une v\u00e9ritable <b>communaut\u00e9</b> qui d\u00e9cide de ses propres <b>r\u00e8gles</b>. On voit donc que, pour certaines instances, on peut avoir \u00e0 faire \u00e0 de vrais <b>communs</b>. Une instance comme social.coop par exemple a mis en place un <a href=\"https://www.loomio.com/socialcoop/\" target=\"_blank\" rel=\"noopener\">espace de discussion et de vote dans l\u2019outil Loomio</a>.</p>\n<p>C&rsquo;est pour cette raison que l&rsquo;\u00e9quipe qui g\u00e8re le blog a fait le choix de rejoindre ce r\u00e9seau social d\u00e8s ses d\u00e9buts, afin de participer \u00e0 ce qui \u00e9tait alors per\u00e7u comme une exp\u00e9rimentation.</p>\n<blockquote><p>Vous avez beaucoup de temps\u00a0? Consultez ce <a href=\"https://librecours.net/module/web/fed01/\" target=\"_blank\" rel=\"noopener\">cours sur les m\u00e9dias sociaux libres, f\u00e9d\u00e9r\u00e9s et d\u00e9centralis\u00e9s</a> ou ce <a href=\"https://mypads2.framapad.org/p/twitter-mastodon-9c2lz19ed\" target=\"_blank\" rel=\"noopener\">document collaboratif tr\u00e8s complet</a>.</p></blockquote>\n<h2 class=\"western\">Pourquoi en parler maintenant ?</h2>\n<p><img fetchpriority=\"high\" decoding=\"async\" class=\"alignright wp-image-6800\" src=\"https://www.les-communs-dabord.org/wp-content/uploads/sites/18/2023/01/stats-mastodon-300x225.jpg\" alt=\"Graphique illustrant le nombre de comptes et le nombres d'utilisateurices actives au fil du temps\" width=\"392\" height=\"278\" />Parce que d\u00e9sormais, nous n&rsquo;en sommes plus au stade de l&rsquo;exp\u00e9rimentation. Le r\u00e9seau compte pr\u00e8s de 8 millions de comptes (dont environ 2 millions d\u2019utilisateur\u22c5ices actives chaque mois) sur plus de 17000 serveurs rien que pour Mastodon (<a href=\"https://mastodont.cat/@fediverse/109783505653079575\" target=\"_blank\" rel=\"noopener\">source</a>). Ces chiffres ont augment\u00e9 au fur et \u00e0 mesure de vagues successives, dont les plus r\u00e9centes datent de l&rsquo;automne dernier et sont essentiellement li\u00e9es aux <a href=\"https://www.01net.com/actualites/elon-musk-twitter-chaos-direct-info.html\" target=\"_blank\" rel=\"noopener\">frasques d&rsquo;Elon Musk</a>, le milliardaire am\u00e9ricain qui a rachet\u00e9 Twitter. Plus ce r\u00e9seau privateur s&rsquo;effondre en se refermant sur un mod\u00e8le payant et des id\u00e9es libertariennes, plus les abonn\u00e9\u22c5es se replient sur d&rsquo;autres r\u00e9seaux, dont Mastodon.</p>\n<p>Sur le plan de la sociologie, le fediverse, historiquement habit\u00e9 par des libristes, des biblioth\u00e9caires et des minorit\u00e9s comme les communaut\u00e9s LGBTQIA+, comprend d\u00e9sormais beaucoup plus de journalistes et professions des sciences sociales. Il est donc devenu lui aussi un sujet d&rsquo;\u00e9tudes acad\u00e9miques, comme on peut le voir par exemple avec cette th\u00e8se de doctorat d\u2019Audrey Gu\u00e9lou intitul\u00e9e \u00ab\u00a0<a href=\"https://fedithese.fr/co/fedithese.html\" target=\"_blank\" rel=\"noopener\">Configurations techno-\u00e9thiques pour les m\u00e9dias sociaux d\u00e9centralis\u00e9s et f\u00e9d\u00e9r\u00e9s</a>\u00a0\u00bb ou cette <a href=\"https://docs.google.com/spreadsheets/d/1UYDC5LR1oTkebiFagHBKwXyaFMrzufUE6VrRqcyaW9k/edit#gid=1469186404\" target=\"_blank\" rel=\"noopener\">\u00e9tude sur les impacts sur la sant\u00e9 mentale</a> de Simone Bless.</p>\n<p>Les utilisateur\u22c5ices ont \u00e9galement plus de recul sur le fonctionnement du r\u00e9seau, notamment les personnes responsables d\u2019instances. On sait par exemple que l&rsquo;apprentissage de la mod\u00e9ration n&rsquo;est pas un chemin bord\u00e9 de roses, comme nous le rappelle <a href=\"https://framablog.org/2022/12/23/laventure-de-la-moderation-episode-1/\" target=\"_blank\" rel=\"noopener\">cet article d\u00e9taill\u00e9 de Maiwann</a>, membre de Framasoft.</p>\n<h2 class=\"western\">Faut-il quitter Twitter pour Mastodon ?</h2>\n<p>C&rsquo;est une question que beaucoup de monde se pose, notamment les journalistes de Mediapart dans <a href=\"https://youtu.be/Bwb0x8aDM-0\" target=\"_blank\" rel=\"noopener\">une \u00e9mission r\u00e9cente</a> par exemple. M\u00eame le journal Le Monde a list\u00e9 <a href=\"https://www.lemonde.fr/m-le-mag/article/2022/12/02/faut-il-boycotter-twitter_6152676_4500055.html\" target=\"_blank\" rel=\"noopener\">des arguments pour et contre</a>.</p>\n<p>Le collectif Point Communs, qui g\u00e8re les aspects techniques de ce blog et propose des outils libres aux commoners depuis 2016, a d\u00e9cid\u00e9 de mettre en place <a href=\"https://videos.lescommuns.org/\" target=\"_blank\" rel=\"noopener\">sa propre instance de vid\u00e9os</a> d\u00e8s 2018. On y trouve par exemple les <a href=\"https://videos.lescommuns.org/w/p/3F1gTRwx1iMwEucHmSfwHo\" target=\"_blank\" rel=\"noopener\">vid\u00e9os du s\u00e9minaire de cl\u00f4ture du programme de recherche EnCommuns</a>,\u00a0 la s\u00e9rie \u00ab\u00a0<a href=\"https://videos.lescommuns.org/w/p/dYNcG8Azmp8zYVC2C5sURz\" target=\"_blank\" rel=\"noopener\">\u00c0 propos d&rsquo;Elinor Ostrom</a>\u00a0\u00bb par Benjamin Coriat, ou encore <a href=\"https://videos.lescommuns.org/w/p/qvLJiPpEqNzFDBnhKiHb5j\" target=\"_blank\" rel=\"noopener\">une dizaine de vid\u00e9os</a> vari\u00e9es sur le th\u00e8me des communs qui sont sur d&rsquo;autres instances.</p>\n<p>Depuis janvier 2023, .Com1 propose \u00e9galement <a href=\"https://mastodon.lescommuns.org/\" target=\"_blank\" rel=\"noopener\">une instance Mastodon</a> et bient\u00f4t <a href=\"https://mobilizon.lescommuns.org/\" target=\"_blank\" rel=\"noopener\">une instance Mobilizon</a> (qui permettra de g\u00e9rer des \u00e9v\u00e9nements) sera mise en ligne. Et le collectif aussi nous a pos\u00e9 la question de fermer d\u00e9finitivement le compte Twitter du blog afin de ne plus alimenter cette plateforme privatrice et centralis\u00e9e&#8230;</p>\n<p>\u00c0 vrai dire, si nous h\u00e9sitons encore, c\u2019est surtout pour vous, lecteurs et lectrices du blog. Alors qu\u2019en pensez-vous ? \u00cates-vous pr\u00eat\u22c5es \u00e0 nous suivre sur un nouveau r\u00e9seau et surtout \u00e0 abandonner l\u2019ancien ? N\u2019h\u00e9sitez pas \u00e0 tester pour vous faire une id\u00e9e.</p>\n<ul>\n<li><a href=\"https://mastodon.lescommuns.org/\" target=\"_blank\" rel=\"noopener\">L\u2019instance Mastodon des Communs</a> fonctionne par cooptation\u00a0: vous pouvez demander l\u2019ouverture d\u2019un compte soit \u00e0 une personne qui est d\u00e9j\u00e0 inscrite, soit par mail \u00e0 <a href=\"mailto:mastodon@lescommuns.org\">mastodon@lescommuns.org</a>, soit sur <a href=\"https://chat.lescommuns.org/channel/communs_mastodon\" target=\"_blank\" rel=\"noopener\">le canal de chat d\u00e9di\u00e9</a> aux \u00e9changes \u00e0 propos de cette instance.</li>\n<li><a href=\"https://videos.lescommuns.org/\">L\u2019instance Peertube des Communs</a> vous accueille \u00e9galement <a href=\"https://chat.lescommuns.org/channel/communs_videos\" target=\"_blank\" rel=\"noopener\">via ce canal de chat d\u00e9di\u00e9</a> pour h\u00e9berger vos vid\u00e9os, si</li>\n</ul>\n<ul>\n<li style=\"list-style-type: none;\">\n<ul style=\"list-style-type: square;\">\n<li>vous \u00eates un acteur des communs ;</li>\n<li>vous prenez soin d&rsquo;un ou plusieurs communs ;</li>\n<li>vous faites partie du r\u00e9seau des communs ;</li>\n<li>votre sujet d&rsquo;\u00e9tude porte sur les communs.</li>\n</ul>\n</li>\n</ul>\n<p>Pour peupler votre fil d\u2019actualit\u00e9s, voici une <a href=\"https://yeswiki.lescommuns.org/hashtags-mastodon\" target=\"_blank\" rel=\"noopener\">liste collaborative de hashtags</a> et quelques comptes <strong>actifs r\u00e9cemment</strong> en lien avec les communs et les pratiques collaboratives que vous pouvez suivre sur Mastodon : <a href=\"https://mastodon.lescommuns.org/@LesCommunsDAbord\" target=\"_blank\" rel=\"noopener\">Actu des Communs</a>, <a href=\"https://mastodon.social/@framaka\" target=\"_blank\" rel=\"noopener\">Alexis Kauffmann</a>, <a href=\"https://piaille.fr/@anis_catalyst\" target=\"_blank\" rel=\"noopener\">ANIS Catalyst</a>, <a href=\"https://mastodon.lescommuns.org/@dehaasbe\" target=\"_blank\" rel=\"noopener\">Beno\u00eet De Haas</a>, <a href=\"https://piaille.fr/@nebru\" target=\"_blank\" rel=\"noopener\">Bernard Brunet</a>, <a href=\"https://piaille.fr/@cfeditions\" target=\"_blank\" rel=\"noopener\">C&amp;F \u00e9ditions</a>, <a href=\"https://mamot.fr/@Calimaq\" target=\"_blank\" rel=\"noopener\">Calimaq</a>, <a href=\"https://mamot.fr/@coopdescommuns\" target=\"_blank\" rel=\"noopener\">Coop des Communs</a>, <a href=\"https://mamot.fr/@hervelc\" target=\"_blank\" rel=\"noopener\">Herv\u00e9 Le Crosnier</a>, <a href=\"https://pouet.chapril.org/@JulieBrillet\" target=\"_blank\" rel=\"noopener\">Julie Brillet</a>, <a href=\"https://mamot.fr/@JulienLecaille\" target=\"_blank\" rel=\"noopener\">Julien Lecaille</a>, <a href=\"https://framapiaf.org/@lilious\" target=\"_blank\" rel=\"noopener\">Lilian Ricaud</a>, <a href=\"https://piaille.fr/@louiseguillot\" target=\"_blank\" rel=\"noopener\">Louise Guillot</a>, <a href=\"https://mastodon.lescommuns.org/@maiadereva\" target=\"_blank\" rel=\"noopener\">Ma\u00efa Dereva</a>, <a href=\"https://mamot.fr/@metacartes\" target=\"_blank\" rel=\"noopener\">M\u00e9tacartes</a>, <a href=\"https://framapiaf.org/@michelbriand\" target=\"_blank\" rel=\"noopener\">Michel Briand</a>, <a href=\"https://mastodon.tetaneutral.net/@numahell\" target=\"_blank\" rel=\"noopener\">Numahell</a>, <a href=\"https://mastodon.top/@olivier_jaspart\" target=\"_blank\" rel=\"noopener\">Olivier Jaspard</a>, <a href=\"https://mastodon.lescommuns.org/@pointcommuns\" target=\"_blank\" rel=\"noopener\">Point Communs</a>, <a href=\"https://mamot.fr/@Silvae\" target=\"_blank\" rel=\"noopener\">Silv\u00e8re Mercier</a>, <a href=\"https://mamot.fr/@ValeriePeugeot\" target=\"_blank\" rel=\"noopener\">Val\u00e9rie Peugeot</a>.</p>\n<p>Cet article <a href=\"https://www.les-communs-dabord.org/vous-avez-dit-mastodon/\">Vous avez dit Mastodon\u00a0?</a> est apparu en premier sur <a href=\"https://www.les-communs-dabord.org\">Les Communs d&#039;Abord</a>.</p>\n",
            "content_text": "Vous ne le saviez peut-\u00eatre pas, mais depuis juin 2017, outre la newsletter, Facebook et Twitter, le blog \u00ab\u00a0Les Communs d&rsquo;Abord\u00a0\u00bb diffuse sa veille sur son compte Mastodon.\nMastodon, qu\u2019est-ce donc ?\nVous avez peu de temps ? Voici une petite vid\u00e9o de 1&rsquo;37 en anglais sous-titr\u00e9e en fran\u00e7ais.\nMastodon est un r\u00e9seau social qui permet de partager des messages de 500 caract\u00e8res contenant du texte, des images et des vid\u00e9os. Sur la forme, il ressemble donc beaucoup \u00e0 son homologue Twitter. Mais sur le fond, c&rsquo;est une toute autre proposition technique et sociale qui est faite avec ce logiciel, \u00e0 de nombreux \u00e9gards :\n\nil s&rsquo;agit tout d&rsquo;abord d&rsquo;un logiciel libre, c\u2019est \u00e0 dire que son code est ouvert et que tout le monde peut le copier et le modifier. Cela permet \u00e0 toute personne ayant les comp\u00e9tences de d\u00e9velopper sa propre version du logiciel ;\nMastodon consiste en un r\u00e9seau de serveurs g\u00e9r\u00e9s par des personnes et des collectifs vari\u00e9s. C&rsquo;est ce qu&rsquo;on appelle la d\u00e9centralisation. Ces serveurs, appel\u00e9s instances, communiquent les uns avec les autres. Ainsi, de la m\u00eame mani\u00e8re que vous choisissez votre fournisseur de mail pour vous cr\u00e9er un compte mail, vous choisissez une instance pour cr\u00e9er votre compte Mastodon ;\nen pratique, il n&rsquo;y a aucun algorithme qui d\u00e9cide \u00e0 la place des utilisateur\u22c5ices des contenus \u00e0 afficher, ni aucune publicit\u00e9. Votre flux quotidien est donc compos\u00e9 uniquement des posts des comptes auxquels vous \u00eates abonn\u00e9\u22c5e, dans le sens chronologique ;\nen plus de tout \u00e7a, Mastodon fait partie d&rsquo;un r\u00e9seau encore plus vaste, appel\u00e9 le fediverse (contraction de \u00ab\u00a0univers\u00a0\u00bb et \u00ab\u00a0f\u00e9d\u00e9r\u00e9\u00a0\u00bb en anglais) dans lequel on va trouver tout un tas d&rsquo;autres outils permettant de partager des vid\u00e9os, des images, de la musique, des podcasts, des textes longs, des \u00e9v\u00e9nements, etc. tous reli\u00e9s les uns aux autres. Avec un seul compte sur un des outils, vous pouvez consulter les contenus et les commenter d&rsquo;une plateforme \u00e0 l&rsquo;autre.\n\nIl faut mesurer ce que cela signifie, notamment concernant la gouvernance : les d\u00e9cisions concernant les contenus (mod\u00e9ration) ou les fonctionnalit\u00e9s (interface) ne sont pas centralis\u00e9es autour d&rsquo;un\u22c5e dirigeant\u22c5e unique. Chaque instance est une v\u00e9ritable communaut\u00e9 qui d\u00e9cide de ses propres r\u00e8gles. On voit donc que, pour certaines instances, on peut avoir \u00e0 faire \u00e0 de vrais communs. Une instance comme social.coop par exemple a mis en place un espace de discussion et de vote dans l\u2019outil Loomio.\nC&rsquo;est pour cette raison que l&rsquo;\u00e9quipe qui g\u00e8re le blog a fait le choix de rejoindre ce r\u00e9seau social d\u00e8s ses d\u00e9buts, afin de participer \u00e0 ce qui \u00e9tait alors per\u00e7u comme une exp\u00e9rimentation.\nVous avez beaucoup de temps\u00a0? Consultez ce cours sur les m\u00e9dias sociaux libres, f\u00e9d\u00e9r\u00e9s et d\u00e9centralis\u00e9s ou ce document collaboratif tr\u00e8s complet.\nPourquoi en parler maintenant ?\nParce que d\u00e9sormais, nous n&rsquo;en sommes plus au stade de l&rsquo;exp\u00e9rimentation. Le r\u00e9seau compte pr\u00e8s de 8 millions de comptes (dont environ 2 millions d\u2019utilisateur\u22c5ices actives chaque mois) sur plus de 17000 serveurs rien que pour Mastodon (source). Ces chiffres ont augment\u00e9 au fur et \u00e0 mesure de vagues successives, dont les plus r\u00e9centes datent de l&rsquo;automne dernier et sont essentiellement li\u00e9es aux frasques d&rsquo;Elon Musk, le milliardaire am\u00e9ricain qui a rachet\u00e9 Twitter. Plus ce r\u00e9seau privateur s&rsquo;effondre en se refermant sur un mod\u00e8le payant et des id\u00e9es libertariennes, plus les abonn\u00e9\u22c5es se replient sur d&rsquo;autres r\u00e9seaux, dont Mastodon.\nSur le plan de la sociologie, le fediverse, historiquement habit\u00e9 par des libristes, des biblioth\u00e9caires et des minorit\u00e9s comme les communaut\u00e9s LGBTQIA+, comprend d\u00e9sormais beaucoup plus de journalistes et professions des sciences sociales. Il est donc devenu lui aussi un sujet d&rsquo;\u00e9tudes acad\u00e9miques, comme on peut le voir par exemple avec cette th\u00e8se de doctorat d\u2019Audrey Gu\u00e9lou intitul\u00e9e \u00ab\u00a0Configurations techno-\u00e9thiques pour les m\u00e9dias sociaux d\u00e9centralis\u00e9s et f\u00e9d\u00e9r\u00e9s\u00a0\u00bb ou cette \u00e9tude sur les impacts sur la sant\u00e9 mentale de Simone Bless.\nLes utilisateur\u22c5ices ont \u00e9galement plus de recul sur le fonctionnement du r\u00e9seau, notamment les personnes responsables d\u2019instances. On sait par exemple que l&rsquo;apprentissage de la mod\u00e9ration n&rsquo;est pas un chemin bord\u00e9 de roses, comme nous le rappelle cet article d\u00e9taill\u00e9 de Maiwann, membre de Framasoft.\nFaut-il quitter Twitter pour Mastodon ?\nC&rsquo;est une question que beaucoup de monde se pose, notamment les journalistes de Mediapart dans une \u00e9mission r\u00e9cente par exemple. M\u00eame le journal Le Monde a list\u00e9 des arguments pour et contre.\nLe collectif Point Communs, qui g\u00e8re les aspects techniques de ce blog et propose des outils libres aux commoners depuis 2016, a d\u00e9cid\u00e9 de mettre en place sa propre instance de vid\u00e9os d\u00e8s 2018. On y trouve par exemple les vid\u00e9os du s\u00e9minaire de cl\u00f4ture du programme de recherche EnCommuns,\u00a0 la s\u00e9rie \u00ab\u00a0\u00c0 propos d&rsquo;Elinor Ostrom\u00a0\u00bb par Benjamin Coriat, ou encore une dizaine de vid\u00e9os vari\u00e9es sur le th\u00e8me des communs qui sont sur d&rsquo;autres instances.\nDepuis janvier 2023, .Com1 propose \u00e9galement une instance Mastodon et bient\u00f4t une instance Mobilizon (qui permettra de g\u00e9rer des \u00e9v\u00e9nements) sera mise en ligne. Et le collectif aussi nous a pos\u00e9 la question de fermer d\u00e9finitivement le compte Twitter du blog afin de ne plus alimenter cette plateforme privatrice et centralis\u00e9e&#8230;\n\u00c0 vrai dire, si nous h\u00e9sitons encore, c\u2019est surtout pour vous, lecteurs et lectrices du blog. Alors qu\u2019en pensez-vous ? \u00cates-vous pr\u00eat\u22c5es \u00e0 nous suivre sur un nouveau r\u00e9seau et surtout \u00e0 abandonner l\u2019ancien ? N\u2019h\u00e9sitez pas \u00e0 tester pour vous faire une id\u00e9e.\n\nL\u2019instance Mastodon des Communs fonctionne par cooptation\u00a0: vous pouvez demander l\u2019ouverture d\u2019un compte soit \u00e0 une personne qui est d\u00e9j\u00e0 inscrite, soit par mail \u00e0 mastodon@lescommuns.org, soit sur le canal de chat d\u00e9di\u00e9 aux \u00e9changes \u00e0 propos de cette instance.\nL\u2019instance Peertube des Communs vous accueille \u00e9galement via ce canal de chat d\u00e9di\u00e9 pour h\u00e9berger vos vid\u00e9os, si\n\n\n\n\nvous \u00eates un acteur des communs ;\nvous prenez soin d&rsquo;un ou plusieurs communs ;\nvous faites partie du r\u00e9seau des communs ;\nvotre sujet d&rsquo;\u00e9tude porte sur les communs.\n\n\n\nPour peupler votre fil d\u2019actualit\u00e9s, voici une liste collaborative de hashtags et quelques comptes actifs r\u00e9cemment en lien avec les communs et les pratiques collaboratives que vous pouvez suivre sur Mastodon : Actu des Communs, Alexis Kauffmann, ANIS Catalyst, Beno\u00eet De Haas, Bernard Brunet, C&amp;F \u00e9ditions, Calimaq, Coop des Communs, Herv\u00e9 Le Crosnier, Julie Brillet, Julien Lecaille, Lilian Ricaud, Louise Guillot, Ma\u00efa Dereva, M\u00e9tacartes, Michel Briand, Numahell, Olivier Jaspard, Point Communs, Silv\u00e8re Mercier, Val\u00e9rie Peugeot.\nCet article Vous avez dit Mastodon\u00a0? est apparu en premier sur Les Communs d&#039;Abord.",
            "date_published": "2023-02-01T13:07:50+01:00",
            "date_modified": "2023-02-01T13:11:11+01:00",
            "authors": [
                {
                    "name": "Admin",
                    "url": "https://www.les-communs-dabord.org/author/maiadereva/",
                    "avatar": "https://secure.gravatar.com/avatar/56238efa559c37a05b5b1f1bc9edb92e0e3bab367502b7b3251afec4d8b4d699?s=512&d=mm&r=g"
                }
            ],
            "author": {
                "name": "Admin",
                "url": "https://www.les-communs-dabord.org/author/maiadereva/",
                "avatar": "https://secure.gravatar.com/avatar/56238efa559c37a05b5b1f1bc9edb92e0e3bab367502b7b3251afec4d8b4d699?s=512&d=mm&r=g"
            },
            "image": "https://www.les-communs-dabord.org/wp-content/uploads/sites/18/2023/01/mastodon.jpg",
            "tags": [
                "communs num\u00e9riques",
                "gouvernance",
                "logiciel libre",
                "Actualit\u00e9s"
            ]
        },
        {
            "id": "https://www.les-communs-dabord.org/?p=6497",
            "url": "https://www.les-communs-dabord.org/soutenez-le-blog/",
            "title": "Soutenez le blog !",
            "content_html": "<p>Le saviez-vous ? Le blog \u00ab\u00a0Les Communs d&rsquo;Abord\u00a0\u00bb, c&rsquo;est une \u00e9quipe \u00e9ditoriale dont le travail de veille permet de nourrir des contenus r\u00e9guliers, diffus\u00e9s \u00e0 pr\u00e8s de 4000 abonn\u00e9s sur les r\u00e9seaux sociaux et plus de 1300 personnes inscrites \u00e0 la newsletter.</p>\n<p>Mais c&rsquo;est \u00e9galement une infrastructure technique qu&rsquo;il faut h\u00e9berger et maintenir. Depuis 2016, c&rsquo;est le collectif <a href=\"https://pointcom1.encommuns.org/\" target=\"_blank\" rel=\"noopener\">Point Communs</a> qui prend soin de cette ressource, avec l&rsquo;aide de son partenaire <a href=\"https://hebergement.encommuns.org/\" target=\"_blank\" rel=\"noopener\">H\u00e9bergement en Communs</a>. Le collectif met \u00e9galement \u00e0 votre disposition un panel de services num\u00e9riques pour agir en Commun : un <a href=\"https://wiki.lescommuns.org/\" target=\"_blank\" rel=\"noopener\">wiki</a>, un <a href=\"https://chat.lescommuns.org\" target=\"_blank\" rel=\"noopener\">chat</a>, des <a href=\"https://pad.lescommuns.org/\" target=\"_blank\" rel=\"noopener\">pads</a>, une plateforme de <a href=\"https://videos.lescommuns.org/\" target=\"_blank\" rel=\"noopener\">vid\u00e9os</a>,&#8230;</p>\n<p>Pour soutenir le blog et tous ces outils, une campagne de dons est ouverte en ce moment. Vous pouvez contribuer \u00e0 cette adresse : <strong><a href=\"https://www.helloasso.com/associations/legal-services-for-commons/collectes/soutenir-le-collectif-point-communs-2022\" target=\"_blank\" rel=\"noopener\">https://www.helloasso.com/associations/legal-services-for-commons/collectes/soutenir-le-collectif-point-communs-2022</a></strong><br />\nVous pouvez \u00e9galement relayer les publications de .Com1 sur son compte <a href=\"https://mamot.fr/@pointcommuns\" target=\"_blank\" rel=\"noopener\">Mastodon</a> et/ou sur son compte <a href=\"https://twitter.com/PointCommuns\" target=\"_blank\" rel=\"noopener\">Twitter</a>. Des interviews y seront diffus\u00e9es pendant la campagne, notamment celle de <a href=\"https://www.sylviafredriksson.net/\" target=\"_blank\" rel=\"noopener\">Sylvia Fredriksson</a> qui contribue \u00e0 faire vivre les contenus du blog depuis plusieurs ann\u00e9es maintenant.</p>\n<p>Et puis si vous aussi vous souhaitez contribuer au cycle de veille, n&rsquo;h\u00e9sitez pas \u00e0 <a href=\"https://www.les-communs-dabord.org/contribuer/\" target=\"_blank\" rel=\"noopener\">rejoindre l&rsquo;\u00e9quipe</a> <img src=\"https://s.w.org/images/core/emoji/17.0.2/72x72/1f642.png\" alt=\"\ud83d\ude42\" class=\"wp-smiley\" style=\"height: 1em; max-height: 1em;\" /><span id=\"more-6497\"></span></p>\n<p>Cet article <a href=\"https://www.les-communs-dabord.org/soutenez-le-blog/\">Soutenez le blog !</a> est apparu en premier sur <a href=\"https://www.les-communs-dabord.org\">Les Communs d&#039;Abord</a>.</p>\n",
            "content_text": "Le saviez-vous ? Le blog \u00ab\u00a0Les Communs d&rsquo;Abord\u00a0\u00bb, c&rsquo;est une \u00e9quipe \u00e9ditoriale dont le travail de veille permet de nourrir des contenus r\u00e9guliers, diffus\u00e9s \u00e0 pr\u00e8s de 4000 abonn\u00e9s sur les r\u00e9seaux sociaux et plus de 1300 personnes inscrites \u00e0 la newsletter.\nMais c&rsquo;est \u00e9galement une infrastructure technique qu&rsquo;il faut h\u00e9berger et maintenir. Depuis 2016, c&rsquo;est le collectif Point Communs qui prend soin de cette ressource, avec l&rsquo;aide de son partenaire H\u00e9bergement en Communs. Le collectif met \u00e9galement \u00e0 votre disposition un panel de services num\u00e9riques pour agir en Commun : un wiki, un chat, des pads, une plateforme de vid\u00e9os,&#8230;\nPour soutenir le blog et tous ces outils, une campagne de dons est ouverte en ce moment. Vous pouvez contribuer \u00e0 cette adresse : https://www.helloasso.com/associations/legal-services-for-commons/collectes/soutenir-le-collectif-point-communs-2022\nVous pouvez \u00e9galement relayer les publications de .Com1 sur son compte Mastodon et/ou sur son compte Twitter. Des interviews y seront diffus\u00e9es pendant la campagne, notamment celle de Sylvia Fredriksson qui contribue \u00e0 faire vivre les contenus du blog depuis plusieurs ann\u00e9es maintenant.\nEt puis si vous aussi vous souhaitez contribuer au cycle de veille, n&rsquo;h\u00e9sitez pas \u00e0 rejoindre l&rsquo;\u00e9quipe \nCet article Soutenez le blog ! est apparu en premier sur Les Communs d&#039;Abord.",
            "date_published": "2022-05-17T14:17:26+02:00",
            "date_modified": "2022-05-17T14:22:15+02:00",
            "authors": [
                {
                    "name": "Admin",
                    "url": "https://www.les-communs-dabord.org/author/maiadereva/",
                    "avatar": "https://secure.gravatar.com/avatar/56238efa559c37a05b5b1f1bc9edb92e0e3bab367502b7b3251afec4d8b4d699?s=512&d=mm&r=g"
                }
            ],
            "author": {
                "name": "Admin",
                "url": "https://www.les-communs-dabord.org/author/maiadereva/",
                "avatar": "https://secure.gravatar.com/avatar/56238efa559c37a05b5b1f1bc9edb92e0e3bab367502b7b3251afec4d8b4d699?s=512&d=mm&r=g"
            },
            "image": "https://www.les-communs-dabord.org/wp-content/uploads/sites/18/2022/05/cagnotte_don.jpg",
            "tags": [
                "communs num\u00e9riques",
                "logiciel libre",
                "Les communs en action"
            ]
        },
        {
            "id": "https://www.les-communs-dabord.org/?p=6384",
            "url": "https://www.les-communs-dabord.org/23e-journees-du-logiciel-libre-02-et-03-avril-2022-lyon/",
            "title": "23e Journ\u00e9es du Logiciel Libre (02 et 03 avril 2022, Lyon)",
            "content_html": "<p><strong>Les 02 et 03 avril 2022 \u00e0 Lyon se tiendront les <a href=\"https://jdll.org\">23e Journ\u00e9es du Logiciel Libre</a>.</strong></p>\n<div class=\"page\" role=\"region\" data-page-number=\"1\" aria-label=\"Page 1\" data-loaded=\"true\">\n<div class=\"textLayer\"><span dir=\"ltr\" role=\"presentation\">Les 2 et 3 avril les 23e Journ\u00e9es du Logiciel Libre (JdLL) se tiendront \u00e0 la Maison Pour </span><span dir=\"ltr\" role=\"presentation\">Tous &#8211; Salle des Rancy, (Lyon 3e). Cet \u00e9v\u00e9nement \u00e0 destination des n\u00e9ophytes comme</span><span dir=\"ltr\" role=\"presentation\"> des experts du num\u00e9rique libre aura pour th\u00e8me \u00ab\u00a0Utopies concr\u00e8tes et accessibles\u00a0\u00bb. Au </span><span dir=\"ltr\" role=\"presentation\">travers de conf\u00e9rences, d&rsquo;ateliers et d&rsquo;un village associatif, de nombreuses rencontres se </span><span dir=\"ltr\" role=\"presentation\">tisseront de nouveau apr\u00e8s deux ans d&rsquo;interruptions dues \u00e0 la crise sanitaire.</span></div>\n<div></div>\n<div class=\"textLayer\"><br role=\"presentation\" /><span style=\"text-decoration: underline\"><strong><span dir=\"ltr\" role=\"presentation\">Historique</span></strong></span></div>\n<div class=\"textLayer\"><br role=\"presentation\" /><span dir=\"ltr\" role=\"presentation\">Depuis 1998, les JdLL sont le rendez-vous annuel lyonnais des personnes curieuses et </span><span dir=\"ltr\" role=\"presentation\">passionn\u00e9es (de celles et ceux curieux\u00b7se et passionn\u00e9\u00b7es) d&rsquo;un num\u00e9rique libre et </span><span dir=\"ltr\" role=\"presentation\">\u00e9mancip\u00e9. Issues d&rsquo;une journ\u00e9e organis\u00e9e par des utilisatrices et utilisateurs de </span><span dir=\"ltr\" role=\"presentation\">GNU/Linux \u00e0 l&rsquo;Universit\u00e9 Lyon 1, ces journ\u00e9es ont bien grandi depuis. </span><span dir=\"ltr\" role=\"presentation\">En 2019, elles ont accueilli plus de 1000 visiteurs, pour 74 conf\u00e9rences, 27 ateliers, ainsi</span><span dir=\"ltr\" role=\"presentation\"> qu&rsquo;une cinquantaine de stands associatifs !</span></div>\n<div></div>\n<div class=\"textLayer\"><br role=\"presentation\" /><span style=\"text-decoration: underline\"><strong><span dir=\"ltr\" role=\"presentation\">Contenu</span></strong></span></div>\n<div class=\"textLayer\"><br role=\"presentation\" /><span dir=\"ltr\" role=\"presentation\">Les JdLL se veulent accessibles \u00e0 toutes et tous. Elles s&rsquo;adressent aux geeks comme aux</span><br role=\"presentation\" /><span dir=\"ltr\" role=\"presentation\">non geeks. </span><span dir=\"ltr\" role=\"presentation\">Dans ce but :</span><br role=\"presentation\" /><span dir=\"ltr\" role=\"presentation\">&#8211; Le niveau des conf\u00e9rences va de d\u00e9butant \u00e0 expert, </span></div>\n<div class=\"textLayer\"><span dir=\"ltr\" role=\"presentation\">&#8211; Les enfants ont une s\u00e9rie d&rsquo;activit\u00e9s et d&rsquo;ateliers qui leur sont d\u00e9di\u00e9s au p\u00f4le gones, </span><span dir=\"ltr\" role=\"presentation\">vive les sorties familiales aux JdLL ! </span></div>\n<div class=\"textLayer\">\n<p><span dir=\"ltr\" role=\"presentation\">&#8211; Pour les non initi\u00e9\u00b7es, une install party est organis\u00e9e pour les aider \u00e0 passer leurs\u00a0 </span><span dir=\"ltr\" role=\"presentation\">ordinateurs sous un syst\u00e8me d&rsquo;exploitation libre ou \u00e0 installer au moins quelques logiciels </span><span dir=\"ltr\" role=\"presentation\">libres.</span><br role=\"presentation\" /><span dir=\"ltr\" role=\"presentation\">&#8211; Le village associatif permet la rencontre des acteurs du monde du libre et des visiteurs </span><span dir=\"ltr\" role=\"presentation\">autours des actions men\u00e9es par les diff\u00e9rentes organisations.</span><br role=\"presentation\" /><span dir=\"ltr\" role=\"presentation\">Elles proposent ainsi des formats vari\u00e9s pour tous types de publics venus \u00e9tancher leur</span><br role=\"presentation\" /><span dir=\"ltr\" role=\"presentation\">soif de d\u00e9couvertes et de partages.</span></p>\n<div class=\"endOfContent\"></div>\n</div>\n<div><span dir=\"ltr\" role=\"presentation\">C&rsquo;est un week-end d\u00e9di\u00e9 \u00e0 la culture du Libre, la coop\u00e9ration, le partage et l&rsquo;appropriation </span><span dir=\"ltr\" role=\"presentation\">des outils afin de s&rsquo;\u00e9manciper des GAFAM (Google, Apple, Facebook, Amazon, Microsoft) </span><span dir=\"ltr\" role=\"presentation\">et autres multinationales.</span> <br role=\"presentation\" /><span dir=\"ltr\" role=\"presentation\">En somme, un lieu pour concr\u00e9tiser nos utopies accessibles en faveur d&rsquo;un num\u00e9rique </span><span dir=\"ltr\" role=\"presentation\">plus \u00e9thique !</span></div>\n<div></div>\n</div>\n<div>\n<div class=\"page\" role=\"region\" data-page-number=\"2\" aria-label=\"Page 2\" data-loaded=\"true\">\n<div class=\"textLayer\">\n<p>&nbsp;</p>\n<p><span style=\"text-decoration: underline\"><strong><span dir=\"ltr\" role=\"presentation\">Les chiffres</span></strong></span></p>\n<p><span dir=\"ltr\" role=\"presentation\">&#8211; Depuis 1998, 23 \u00e9ditions</span><br role=\"presentation\" /><span dir=\"ltr\" role=\"presentation\">&#8211; Plus de 1000 visiteurs en un week-end</span><br role=\"presentation\" /><span dir=\"ltr\" role=\"presentation\">&#8211; Plus de 150 intervenants (en 2019)</span><br role=\"presentation\" /><span dir=\"ltr\" role=\"presentation\">&#8211; 74 conf\u00e9rences (en 2019)</span><br role=\"presentation\" /><span dir=\"ltr\" role=\"presentation\">&#8211; 27 ateliers (en 2019)</span><br role=\"presentation\" /><span dir=\"ltr\" role=\"presentation\">&#8211; 13 gones (en 2019)</span><br role=\"presentation\" /><span dir=\"ltr\" role=\"presentation\">&#8211; Plus de 50 associations au village (2019)</span><br role=\"presentation\" /><span dir=\"ltr\" role=\"presentation\">Pour d\u00e9couvrir ou red\u00e9couvrir les JdLL, rendez-vous les 2 et 3 avril 2022 \u00e0 Lyon !</span></p>\n<div class=\"endOfContent\"></div>\n</div>\n</div>\n<div class=\"page\" role=\"region\" data-page-number=\"3\" aria-label=\"Page 3\" data-loaded=\"true\"></div>\n</div>\n<div>\n<div class=\"textLayer\"><span style=\"text-decoration: underline\"><strong><span dir=\"ltr\" role=\"presentation\">Infos pratiques</span></strong></span></div>\n<div class=\"textLayer\"><br role=\"presentation\" /><strong><span dir=\"ltr\" role=\"presentation\">Lieu de l&rsquo;\u00e9v\u00e8nement : </span></strong><br role=\"presentation\" /><span dir=\"ltr\" role=\"presentation\">Maison Pour Tous &#8211; Salle des Rancy</span><br role=\"presentation\" /><span dir=\"ltr\" role=\"presentation\">249 rue Vend\u00f4me, 69003 Lyon</span></div>\n<div class=\"textLayer\"><br role=\"presentation\" /><strong><span dir=\"ltr\" role=\"presentation\">Acc\u00e8s</span></strong><br role=\"presentation\" /><span dir=\"ltr\" role=\"presentation\">M\u00e9tro B : Saxe-Gambetta ou Place Guichard</span><br role=\"presentation\" /><span dir=\"ltr\" role=\"presentation\">M\u00e9tro D : Saxe-Gambetta</span><br role=\"presentation\" /><span dir=\"ltr\" role=\"presentation\">Tram T1 : Palais de Justice &#8211; Mairie du 3e</span><br role=\"presentation\" /><span dir=\"ltr\" role=\"presentation\">Bus C4 et C14 : Saxe-Gambetta</span></div>\n<div class=\"textLayer\"><br role=\"presentation\" /><strong><span dir=\"ltr\" role=\"presentation\">Horaires</span></strong><br role=\"presentation\" /><span dir=\"ltr\" role=\"presentation\">Entr\u00e9e libre et gratuite</span><br role=\"presentation\" /><span dir=\"ltr\" role=\"presentation\">de 10h \u00e0 18h le samedi 2</span><br role=\"presentation\" /><span dir=\"ltr\" role=\"presentation\">et de 11h \u00e0 18h le dimanche 3 avril 2022</span></div>\n<div class=\"textLayer\">\n<p><br role=\"presentation\" /><strong><span dir=\"ltr\" role=\"presentation\">Contact Presse</span></strong><br role=\"presentation\" /><span dir=\"ltr\" role=\"presentation\">Gr\u00e9goire Cutzach</span><br role=\"presentation\" /><span dir=\"ltr\" role=\"presentation\">04 78 60 64 01</span><br role=\"presentation\" /><span dir=\"ltr\" role=\"presentation\">jdll@jdll.org</span><br role=\"presentation\" /><a href=\"https://jdll.org\"><span dir=\"ltr\" role=\"presentation\">https://jdll.org</span></a></p>\n<div class=\"endOfContent\"></div>\n</div>\n<div class=\"annotationLayer\"></div>\n</div>\n<div class=\"page\" role=\"region\" data-page-number=\"2\" aria-label=\"Page 2\" data-loaded=\"true\"></div>\n<p><span id=\"more-6384\"></span></p>\n<p>Cet article <a href=\"https://www.les-communs-dabord.org/23e-journees-du-logiciel-libre-02-et-03-avril-2022-lyon/\">23e Journ\u00e9es du Logiciel Libre (02 et 03 avril 2022, Lyon)</a> est apparu en premier sur <a href=\"https://www.les-communs-dabord.org\">Les Communs d&#039;Abord</a>.</p>\n",
            "content_text": "Les 02 et 03 avril 2022 \u00e0 Lyon se tiendront les 23e Journ\u00e9es du Logiciel Libre.\n\nLes 2 et 3 avril les 23e Journ\u00e9es du Logiciel Libre (JdLL) se tiendront \u00e0 la Maison Pour Tous &#8211; Salle des Rancy, (Lyon 3e). Cet \u00e9v\u00e9nement \u00e0 destination des n\u00e9ophytes comme des experts du num\u00e9rique libre aura pour th\u00e8me \u00ab\u00a0Utopies concr\u00e8tes et accessibles\u00a0\u00bb. Au travers de conf\u00e9rences, d&rsquo;ateliers et d&rsquo;un village associatif, de nombreuses rencontres se tisseront de nouveau apr\u00e8s deux ans d&rsquo;interruptions dues \u00e0 la crise sanitaire.\n\nHistorique\nDepuis 1998, les JdLL sont le rendez-vous annuel lyonnais des personnes curieuses et passionn\u00e9es (de celles et ceux curieux\u00b7se et passionn\u00e9\u00b7es) d&rsquo;un num\u00e9rique libre et \u00e9mancip\u00e9. Issues d&rsquo;une journ\u00e9e organis\u00e9e par des utilisatrices et utilisateurs de GNU/Linux \u00e0 l&rsquo;Universit\u00e9 Lyon 1, ces journ\u00e9es ont bien grandi depuis. En 2019, elles ont accueilli plus de 1000 visiteurs, pour 74 conf\u00e9rences, 27 ateliers, ainsi qu&rsquo;une cinquantaine de stands associatifs !\n\nContenu\nLes JdLL se veulent accessibles \u00e0 toutes et tous. Elles s&rsquo;adressent aux geeks comme auxnon geeks. Dans ce but :&#8211; Le niveau des conf\u00e9rences va de d\u00e9butant \u00e0 expert, \n&#8211; Les enfants ont une s\u00e9rie d&rsquo;activit\u00e9s et d&rsquo;ateliers qui leur sont d\u00e9di\u00e9s au p\u00f4le gones, vive les sorties familiales aux JdLL ! \n\n&#8211; Pour les non initi\u00e9\u00b7es, une install party est organis\u00e9e pour les aider \u00e0 passer leurs\u00a0 ordinateurs sous un syst\u00e8me d&rsquo;exploitation libre ou \u00e0 installer au moins quelques logiciels libres.&#8211; Le village associatif permet la rencontre des acteurs du monde du libre et des visiteurs autours des actions men\u00e9es par les diff\u00e9rentes organisations.Elles proposent ainsi des formats vari\u00e9s pour tous types de publics venus \u00e9tancher leursoif de d\u00e9couvertes et de partages.\n\n\nC&rsquo;est un week-end d\u00e9di\u00e9 \u00e0 la culture du Libre, la coop\u00e9ration, le partage et l&rsquo;appropriation des outils afin de s&rsquo;\u00e9manciper des GAFAM (Google, Apple, Facebook, Amazon, Microsoft) et autres multinationales. En somme, un lieu pour concr\u00e9tiser nos utopies accessibles en faveur d&rsquo;un num\u00e9rique plus \u00e9thique !\n\n\n\n\n\n&nbsp;\nLes chiffres\n&#8211; Depuis 1998, 23 \u00e9ditions&#8211; Plus de 1000 visiteurs en un week-end&#8211; Plus de 150 intervenants (en 2019)&#8211; 74 conf\u00e9rences (en 2019)&#8211; 27 ateliers (en 2019)&#8211; 13 gones (en 2019)&#8211; Plus de 50 associations au village (2019)Pour d\u00e9couvrir ou red\u00e9couvrir les JdLL, rendez-vous les 2 et 3 avril 2022 \u00e0 Lyon !\n\n\n\n\n\n\nInfos pratiques\nLieu de l&rsquo;\u00e9v\u00e8nement : Maison Pour Tous &#8211; Salle des Rancy249 rue Vend\u00f4me, 69003 Lyon\nAcc\u00e8sM\u00e9tro B : Saxe-Gambetta ou Place GuichardM\u00e9tro D : Saxe-GambettaTram T1 : Palais de Justice &#8211; Mairie du 3eBus C4 et C14 : Saxe-Gambetta\nHorairesEntr\u00e9e libre et gratuitede 10h \u00e0 18h le samedi 2et de 11h \u00e0 18h le dimanche 3 avril 2022\n\nContact PresseGr\u00e9goire Cutzach04 78 60 64 01jdll@jdll.orghttps://jdll.org\n\n\n\n\n\n\nCet article 23e Journ\u00e9es du Logiciel Libre (02 et 03 avril 2022, Lyon) est apparu en premier sur Les Communs d&#039;Abord.",
            "date_published": "2022-03-21T15:20:49+01:00",
            "date_modified": "2022-03-21T15:23:01+01:00",
            "authors": [
                {
                    "name": "sylviafredriksson",
                    "url": "https://www.les-communs-dabord.org/author/sylviafredriksson/",
                    "avatar": "https://secure.gravatar.com/avatar/b789251818587c57a91c729cf5e713a8ec7c93ca7260aebba091f19c2243ab6f?s=512&d=mm&r=g"
                }
            ],
            "author": {
                "name": "sylviafredriksson",
                "url": "https://www.les-communs-dabord.org/author/sylviafredriksson/",
                "avatar": "https://secure.gravatar.com/avatar/b789251818587c57a91c729cf5e713a8ec7c93ca7260aebba091f19c2243ab6f?s=512&d=mm&r=g"
            },
            "image": "https://www.les-communs-dabord.org/wp-content/uploads/sites/18/2022/03/Banner_jddl-e1647872432787.png",
            "tags": [
                "communs num\u00e9riques",
                "logiciel libre",
                "Agenda"
            ]
        },
        {
            "id": "https://www.les-communs-dabord.org/?p=6010",
            "url": "https://www.les-communs-dabord.org/contribulle-une-demarche-de-design-de-la-contribution-au-logiciel-libre-2021/",
            "title": "Contribulle, une d\u00e9marche de design de la contribution au logiciel libre (2021)",
            "content_html": "<p><a href=\"https://contribulle.org/\"><strong><span class=\"r-18u37iz\">Contribulle</span></strong></a><span class=\"css-901oao css-16my406 r-poiln3 r-bcqeeo r-qvutc0\"><strong> est une plateforme qui permet \u00e0 toutes les comp\u00e9tences et bonnes volont\u00e9s de trouver des projets de logiciels libres ou de communs \u00e0 aider.</strong> Cette d\u00e9marche et cette plateforme s&rsquo;inscrivent plus largement dans l&rsquo;initiative </span><span class=\"r-18u37iz\">Contributopia</span><span class=\"css-901oao css-16my406 r-poiln3 r-bcqeeo r-qvutc0\"> soutenue par </span><span class=\"r-18u37iz\">Framasoft</span><span class=\"css-901oao css-16my406 r-poiln3 r-bcqeeo r-qvutc0\">. </span></p>\n<p><img decoding=\"async\" class=\"alignnone wp-image-6011 size-large\" src=\"https://www.les-communs-dabord.org/wp-content/uploads/sites/18/2021/07/contribulle-1024x452.png\" alt=\"\" width=\"1024\" height=\"452\" srcset=\"https://www.les-communs-dabord.org/wp-content/uploads/sites/18/2021/07/contribulle-1024x452.png 1024w, https://www.les-communs-dabord.org/wp-content/uploads/sites/18/2021/07/contribulle-300x133.png 300w, https://www.les-communs-dabord.org/wp-content/uploads/sites/18/2021/07/contribulle-768x339.png 768w, https://www.les-communs-dabord.org/wp-content/uploads/sites/18/2021/07/contribulle-600x265.png 600w, https://www.les-communs-dabord.org/wp-content/uploads/sites/18/2021/07/contribulle-640x283.png 640w, https://www.les-communs-dabord.org/wp-content/uploads/sites/18/2021/07/contribulle-1200x530.png 1200w, https://www.les-communs-dabord.org/wp-content/uploads/sites/18/2021/07/contribulle.png 1406w\" sizes=\"(max-width: 639px) 98vw, (max-width: 1199px) 64vw, 770px\" /></p>\n<blockquote><p>Cette plateforme &#8211; sous licence &#8211; libre veut simplifier le contact entre des projets qui manquent de comp\u00e9tences, et de super\u00b7be\u00b7s contributeur\u00b7rice\u00b7s qui pourraient leur donner un coup de main.</p>\n<p class=\"text-normal\">Tout projet partageant les valeurs du <a href=\"https://fr.wikipedia.org/wiki/Logiciel_libre\">logiciel libre</a> et <a href=\"https://fr.wikipedia.org/wiki/Communs\">des communs</a> est le bienvenu.</p>\n<p><em>Le logiciel libre et les communs, c\u2019est une affaire qui nous concerne tout\u00b7e\u00b7s.</em></p>\n<p>Pour assurer l&rsquo;\u00e9mancipation et la libert\u00e9, \u00e0 la fois individuelle et collective, la coop\u00e9ration et le partage de connaissances sont des principes plus qu\u2019essentiels. Contribulle s\u2019inscrit dans un mouvement qui met en avant la contribution par et pour tout le monde, pour r\u00e9ellement participer et construire une soci\u00e9t\u00e9 inclusive.</p></blockquote>\n<p>&nbsp;</p>\n<p><span class=\"css-901oao css-16my406 r-poiln3 r-bcqeeo r-qvutc0\">=&gt; Retrouver l&rsquo;<a href=\"http://Libres bulles pour que d\u00e9collent les contributions\">interview de l&rsquo;\u00e9quipe</a> pour tout comprendre dans cet article <em><a href=\"https://framablog.org/2021/03/12/libres-bulles-pour-que-decollent-les-contributions/\">Libres bulles pour que d\u00e9collent les contributions</a></em> publi\u00e9 sur le site de Framasoft en mars 2021.<br />\n</span></p>\n<p>&nbsp;</p>\n<p><strong>et voici les liens utiles\u00a0:</strong></p>\n<ul>\n<li>Le site\u00a0: <a href=\"https://contribulle.org/\">https://contribulle.org/</a></li>\n<li>Le compte Mastodon\u00a0: <a href=\"https://mastodon.tedomum.net/@contribulle\">https://mastodon.tedomum.net/@contribulle</a></li>\n<li>Nous contacter\u00a0: bonjour[arobase]contribulle.org</li>\n<li>Fiche Framalibre\u00a0: <a href=\"https://framalibre.org/content/contribulle\">https://framalibre.org/content/contribulle</a></li>\n<li>Pour discuter\u00a0:<a href=\"https://framateam.org/ux-framatrucs/channels/contribulle\">https://framateam.org/ux-framatrucs/channels/contribulle</a></li>\n</ul>\n<p><span id=\"more-6010\"></span></p>\n<p>Cet article <a href=\"https://www.les-communs-dabord.org/contribulle-une-demarche-de-design-de-la-contribution-au-logiciel-libre-2021/\">Contribulle, une d\u00e9marche de design de la contribution au logiciel libre (2021)</a> est apparu en premier sur <a href=\"https://www.les-communs-dabord.org\">Les Communs d&#039;Abord</a>.</p>\n",
            "content_text": "Contribulle est une plateforme qui permet \u00e0 toutes les comp\u00e9tences et bonnes volont\u00e9s de trouver des projets de logiciels libres ou de communs \u00e0 aider. Cette d\u00e9marche et cette plateforme s&rsquo;inscrivent plus largement dans l&rsquo;initiative Contributopia soutenue par Framasoft. \n\nCette plateforme &#8211; sous licence &#8211; libre veut simplifier le contact entre des projets qui manquent de comp\u00e9tences, et de super\u00b7be\u00b7s contributeur\u00b7rice\u00b7s qui pourraient leur donner un coup de main.\nTout projet partageant les valeurs du logiciel libre et des communs est le bienvenu.\nLe logiciel libre et les communs, c\u2019est une affaire qui nous concerne tout\u00b7e\u00b7s.\nPour assurer l&rsquo;\u00e9mancipation et la libert\u00e9, \u00e0 la fois individuelle et collective, la coop\u00e9ration et le partage de connaissances sont des principes plus qu\u2019essentiels. Contribulle s\u2019inscrit dans un mouvement qui met en avant la contribution par et pour tout le monde, pour r\u00e9ellement participer et construire une soci\u00e9t\u00e9 inclusive.\n&nbsp;\n=&gt; Retrouver l&rsquo;interview de l&rsquo;\u00e9quipe pour tout comprendre dans cet article Libres bulles pour que d\u00e9collent les contributions publi\u00e9 sur le site de Framasoft en mars 2021.\n\n&nbsp;\net voici les liens utiles\u00a0:\n\nLe site\u00a0: https://contribulle.org/\nLe compte Mastodon\u00a0: https://mastodon.tedomum.net/@contribulle\nNous contacter\u00a0: bonjour[arobase]contribulle.org\nFiche Framalibre\u00a0: https://framalibre.org/content/contribulle\nPour discuter\u00a0:https://framateam.org/ux-framatrucs/channels/contribulle\n\n\nCet article Contribulle, une d\u00e9marche de design de la contribution au logiciel libre (2021) est apparu en premier sur Les Communs d&#039;Abord.",
            "date_published": "2021-07-03T09:46:52+02:00",
            "date_modified": "2021-07-03T09:46:52+02:00",
            "authors": [
                {
                    "name": "sylviafredriksson",
                    "url": "https://www.les-communs-dabord.org/author/sylviafredriksson/",
                    "avatar": "https://secure.gravatar.com/avatar/b789251818587c57a91c729cf5e713a8ec7c93ca7260aebba091f19c2243ab6f?s=512&d=mm&r=g"
                }
            ],
            "author": {
                "name": "sylviafredriksson",
                "url": "https://www.les-communs-dabord.org/author/sylviafredriksson/",
                "avatar": "https://secure.gravatar.com/avatar/b789251818587c57a91c729cf5e713a8ec7c93ca7260aebba091f19c2243ab6f?s=512&d=mm&r=g"
            },
            "image": "https://www.les-communs-dabord.org/wp-content/uploads/sites/18/2021/07/contribulle_logo.png",
            "tags": [
                "design de la contribution",
                "Framasoft",
                "logiciel libre",
                "soci\u00e9t\u00e9 contributive",
                "Les communs en action"
            ]
        },
        {
            "id": "https://www.les-communs-dabord.org/?p=5697",
            "url": "https://www.les-communs-dabord.org/appel-a-contributions-campus-du-libre-le-7-novembre-2020/",
            "title": "Appel \u00e0 contributions \u2013 Campus du libre le 7 novembre 2020",
            "content_html": "<h3><img decoding=\"async\" class=\" wp-image-5698 aligncenter\" src=\"https://www.les-communs-dabord.org/wp-content/uploads/sites/18/2020/10/Illustration-appel-Bron-300x208.jpg\" alt=\"\" width=\"425\" height=\"295\" srcset=\"https://www.les-communs-dabord.org/wp-content/uploads/sites/18/2020/10/Illustration-appel-Bron-300x208.jpg 300w, https://www.les-communs-dabord.org/wp-content/uploads/sites/18/2020/10/Illustration-appel-Bron-600x415.jpg 600w, https://www.les-communs-dabord.org/wp-content/uploads/sites/18/2020/10/Illustration-appel-Bron-640x443.jpg 640w, https://www.les-communs-dabord.org/wp-content/uploads/sites/18/2020/10/Illustration-appel-Bron.jpg 678w\" sizes=\"(max-width: 639px) 98vw, (max-width: 1199px) 64vw, 425px\" /></h3>\n<h5><em>Num\u00e9rique libre, des opportunit\u00e9s pour s&rsquo;adapter aux besoins de travail collaboratif \u00e0 distance de l&rsquo;enseignement sup\u00e9rieur et de la recherche </em></h5>\n<p>Cet appel \u00e0 participation s&rsquo;adresse tout autant aux \u00e9tudiantes et \u00e9tudiants qu&rsquo;aux membres de la communaut\u00e9 universitaire, mais aussi aux associations, et structures professionnelles impliqu\u00e9es dans la promotion du logiciel libre dans l&rsquo;enseignement sup\u00e9rieur et la recherche (ESR).</p>\n<p>L&rsquo;enseignement sup\u00e9rieur et la recherche, comme tous les autres secteurs de la soci\u00e9t\u00e9 ont d\u00fb s&rsquo;adapter \u00e0 la situation sanitaire et en particulier \u00e0 la p\u00e9riode de confinement avec une extr\u00eame agilit\u00e9. En quelques jours, les \u00e9quipes enseignantes, les laboratoires et les \u00e9quipes de recherche ont adapt\u00e9 ou r\u00e9invent\u00e9 leur fonctionnement. Le num\u00e9rique a \u00e9t\u00e9 une des pierres angulaires de cette adaptation aussi bien pour maintenir autant que possible des activit\u00e9s collectives que pour continuer \u00e0 \u00e9tudier et chercher.</p>\n<p>Dans l&rsquo;urgence, beaucoup ont fait appel \u00e0 des solutions qui leur \u00e9taient mises \u00e0 disposition par diff\u00e9rents op\u00e9rateurs, dont les grands acteurs commerciaux du num\u00e9rique mondial. D&rsquo;autres se sont tourn\u00e9s vers des solutions ind\u00e9pendantes d&rsquo;enjeux priv\u00e9s, notamment en recourant \u00e0 l&rsquo;utilisation de plus en plus massive de solutions libres, que ce soit pour communiquer, pour enseigner ou pour travailler.</p>\n<p>Avec d\u00e9sormais quelques mois de recul, la situation sanitaire nous fait r\u00e9fl\u00e9chir \u00e0 nos capacit\u00e9s d&rsquo;adaptation \u00e0 des formes de reconfinement ou d&rsquo;\u00e9loignement plus ou moins g\u00e9n\u00e9ralis\u00e9s. La troisi\u00e8me \u00e9dition du Campus Du Libre nous invite tous et toutes \u00e0 \u00e9changer sur les int\u00e9r\u00eats, limites et opportunit\u00e9s du num\u00e9rique libre :</p>\n<ul>\n<li>\u00c9thique</li>\n<li>Souplesse de diffusion et de partage</li>\n<li>Accessibilit\u00e9</li>\n<li>\u00c9conomie</li>\n<li>Support technique et communautaire</li>\n<li>Adaptabilit\u00e9</li>\n<li>Efficacit\u00e9</li>\n<li>Didactique</li>\n</ul>\n<p>Le Campus Du Libre a donc l&rsquo;ambition de r\u00e9unir celles et ceux qui voudraient t\u00e9moigner de leur exp\u00e9rience, de leurs observations, de ce qui en a \u00e9t\u00e9 retenue et mis en place pour cette rentr\u00e9e et les prochaines.</p>\n<p>Cette troisi\u00e8me \u00e9dition, qui se d\u00e9roulera \u00e0 <strong> l&rsquo;Universit\u00e9 Lyon2 sur le campus de Bron le samedi 7 novembre 2020 </strong>, proposera des conf\u00e9rences, des d\u00e9monstrations, des ateliers, des certifications et install parties, un village du Libre r\u00e9unissant des collectifs et des entreprises impliqu\u00e9es dans le logiciel libre.</p>\n<h5>Plus d&rsquo;informations sur la page : <a href=\"http://www.campus-du-libre.org/cfp.php\">http://www.campus-du-libre.org/cfp.php</a></h5>\n<p><span id=\"more-5697\"></span></p>\n<p>Cet article <a href=\"https://www.les-communs-dabord.org/appel-a-contributions-campus-du-libre-le-7-novembre-2020/\">Appel \u00e0 contributions &#8211; Campus du libre le 7 novembre 2020</a> est apparu en premier sur <a href=\"https://www.les-communs-dabord.org\">Les Communs d&#039;Abord</a>.</p>\n",
            "content_text": "Num\u00e9rique libre, des opportunit\u00e9s pour s&rsquo;adapter aux besoins de travail collaboratif \u00e0 distance de l&rsquo;enseignement sup\u00e9rieur et de la recherche \nCet appel \u00e0 participation s&rsquo;adresse tout autant aux \u00e9tudiantes et \u00e9tudiants qu&rsquo;aux membres de la communaut\u00e9 universitaire, mais aussi aux associations, et structures professionnelles impliqu\u00e9es dans la promotion du logiciel libre dans l&rsquo;enseignement sup\u00e9rieur et la recherche (ESR).\nL&rsquo;enseignement sup\u00e9rieur et la recherche, comme tous les autres secteurs de la soci\u00e9t\u00e9 ont d\u00fb s&rsquo;adapter \u00e0 la situation sanitaire et en particulier \u00e0 la p\u00e9riode de confinement avec une extr\u00eame agilit\u00e9. En quelques jours, les \u00e9quipes enseignantes, les laboratoires et les \u00e9quipes de recherche ont adapt\u00e9 ou r\u00e9invent\u00e9 leur fonctionnement. Le num\u00e9rique a \u00e9t\u00e9 une des pierres angulaires de cette adaptation aussi bien pour maintenir autant que possible des activit\u00e9s collectives que pour continuer \u00e0 \u00e9tudier et chercher.\nDans l&rsquo;urgence, beaucoup ont fait appel \u00e0 des solutions qui leur \u00e9taient mises \u00e0 disposition par diff\u00e9rents op\u00e9rateurs, dont les grands acteurs commerciaux du num\u00e9rique mondial. D&rsquo;autres se sont tourn\u00e9s vers des solutions ind\u00e9pendantes d&rsquo;enjeux priv\u00e9s, notamment en recourant \u00e0 l&rsquo;utilisation de plus en plus massive de solutions libres, que ce soit pour communiquer, pour enseigner ou pour travailler.\nAvec d\u00e9sormais quelques mois de recul, la situation sanitaire nous fait r\u00e9fl\u00e9chir \u00e0 nos capacit\u00e9s d&rsquo;adaptation \u00e0 des formes de reconfinement ou d&rsquo;\u00e9loignement plus ou moins g\u00e9n\u00e9ralis\u00e9s. La troisi\u00e8me \u00e9dition du Campus Du Libre nous invite tous et toutes \u00e0 \u00e9changer sur les int\u00e9r\u00eats, limites et opportunit\u00e9s du num\u00e9rique libre :\n\n\u00c9thique\nSouplesse de diffusion et de partage\nAccessibilit\u00e9\n\u00c9conomie\nSupport technique et communautaire\nAdaptabilit\u00e9\nEfficacit\u00e9\nDidactique\n\nLe Campus Du Libre a donc l&rsquo;ambition de r\u00e9unir celles et ceux qui voudraient t\u00e9moigner de leur exp\u00e9rience, de leurs observations, de ce qui en a \u00e9t\u00e9 retenue et mis en place pour cette rentr\u00e9e et les prochaines.\nCette troisi\u00e8me \u00e9dition, qui se d\u00e9roulera \u00e0  l&rsquo;Universit\u00e9 Lyon2 sur le campus de Bron le samedi 7 novembre 2020 , proposera des conf\u00e9rences, des d\u00e9monstrations, des ateliers, des certifications et install parties, un village du Libre r\u00e9unissant des collectifs et des entreprises impliqu\u00e9es dans le logiciel libre.\nPlus d&rsquo;informations sur la page : http://www.campus-du-libre.org/cfp.php\n\nCet article Appel \u00e0 contributions &#8211; Campus du libre le 7 novembre 2020 est apparu en premier sur Les Communs d&#039;Abord.",
            "date_published": "2020-10-12T22:04:06+02:00",
            "date_modified": "2020-10-12T22:04:06+02:00",
            "authors": [
                {
                    "name": "thomasgermain",
                    "url": "https://www.les-communs-dabord.org/author/germain/",
                    "avatar": "https://secure.gravatar.com/avatar/bfc91b6483b6b068657bdd110a1f05a00e0a3ae31acbea4a29d4227b2ff390df?s=512&d=mm&r=g"
                }
            ],
            "author": {
                "name": "thomasgermain",
                "url": "https://www.les-communs-dabord.org/author/germain/",
                "avatar": "https://secure.gravatar.com/avatar/bfc91b6483b6b068657bdd110a1f05a00e0a3ae31acbea4a29d4227b2ff390df?s=512&d=mm&r=g"
            },
            "image": "https://www.les-communs-dabord.org/wp-content/uploads/sites/18/2020/10/Illustration-appel-Bron.jpg",
            "tags": [
                "communs num\u00e9riques",
                "\u00e9ducation",
                "logiciel libre",
                "Les communs en action"
            ]
        },
        {
            "id": "https://www.les-communs-dabord.org/?p=5599",
            "url": "https://www.les-communs-dabord.org/appel-a-participation-etats-generaux-du-numerique-libre-et-des-communs-pedagogiques/",
            "title": "Appel \u00e0 participation \u2013 \u00c9tats G\u00e9n\u00e9raux du num\u00e9rique libre et des communs p\u00e9dagogiques",
            "content_html": "<p><img loading=\"lazy\" decoding=\"async\" class=\" wp-image-5602 aligncenter\" src=\"https://www.les-communs-dabord.org/wp-content/uploads/sites/18/2020/10/800px-EGN_Libre_affiche_V1-300x100.jpg\" alt=\"\" width=\"477\" height=\"159\" srcset=\"https://www.les-communs-dabord.org/wp-content/uploads/sites/18/2020/10/800px-EGN_Libre_affiche_V1-300x100.jpg 300w, https://www.les-communs-dabord.org/wp-content/uploads/sites/18/2020/10/800px-EGN_Libre_affiche_V1-768x256.jpg 768w, https://www.les-communs-dabord.org/wp-content/uploads/sites/18/2020/10/800px-EGN_Libre_affiche_V1-600x200.jpg 600w, https://www.les-communs-dabord.org/wp-content/uploads/sites/18/2020/10/800px-EGN_Libre_affiche_V1-640x214.jpg 640w, https://www.les-communs-dabord.org/wp-content/uploads/sites/18/2020/10/800px-EGN_Libre_affiche_V1.jpg 800w\" sizes=\"auto, (max-width: 639px) 98vw, (max-width: 1199px) 64vw, 477px\" /></p>\n<h3 style=\"text-align: center\"><span id=\"Etats_G.C3.A9n.C3.A9raux_du_num.C3.A9rique_libre_et_des_communs_p.C3.A9dagogiques\" class=\"mw-headline\">\u00c9tats G\u00e9n\u00e9raux du num\u00e9rique libre et des communs p\u00e9dagogiques</span></h3>\n<p>Suite au confinement le Minist\u00e8re de l&rsquo;\u00c9ducation Nationale organise \u00e0 Poitiers les 4 et 5 novembre prochains, les \u00c9tats G\u00e9n\u00e9raux du Num\u00e9rique pour l&rsquo;\u00c9ducation (<a href=\"https://etats-generaux-du-numerique.education.gouv.fr/\">EGN</a>). <b>L&rsquo;absence de d\u00e9bat sur la place prise par les GAFAM dans l&rsquo;\u00e9ducation</b> au cours de cette crise ne doit pas r\u00e9duire celui sur les solutions alternatives et les autres mod\u00e8les de collaboration et d&rsquo;apprentissage dont l&rsquo;int\u00e9r\u00eat s&rsquo;est de nouveau r\u00e9v\u00e9l\u00e9 essentiel pendant le confinement. En particulier, des communaut\u00e9s de pratiques formelles et informelles, et des milliers d&rsquo;individus (enseignant.es, parents, \u00e9l\u00e8ves, m\u00e9diateurs, etc.) ont utilis\u00e9 et modifi\u00e9 des ressources libres (contenus, logiciels, donn\u00e9es) pour coop\u00e9rer, \u00e9laborer des sc\u00e9narios d&rsquo;apprentissage, apprendre et enseigner.</p>\n<p>Des propositions ont \u00e9t\u00e9 collect\u00e9es aupr\u00e8s d&rsquo;une vari\u00e9t\u00e9 large d&rsquo;acteurs issus de l&rsquo;\u00e9ducation nationale, de l&rsquo;\u00e9ducation populaire et du libre afin d&rsquo;alimenter une politique publique des ressources libres dans l&rsquo;\u00e9ducation et des communs p\u00e9dagogiques. Afin de valoriser ces propositions, de documenter ce qui existe et de cr\u00e9er des liens entre les r\u00e9seaux, il est propos\u00e9 d&rsquo;organiser en ligne, <span style=\"text-decoration: underline\"><strong>les 3 et 4 novembre, des EGN du libre des communs p\u00e9dagogiques.</strong></span> <b>Ces EGN du libre et des communs p\u00e9dagogiques sont une forme originale de participation citoyenne \u00e0 une d\u00e9marche institutionnelle.</b></p>\n<h3 style=\"text-align: center\">Programmation</h3>\n<p><b>Enti\u00e8rement en ligne</b>, les EGN libre et des communs p\u00e9dagogiques proposeront <strong>des temps d&rsquo;inspiration, d&rsquo;\u00e9change et de co-production de ressources. Ils participeront par cela \u00e0 renforcer les liens entre les communaut\u00e9s de l&rsquo;\u00e9ducation, de l&rsquo;\u00e9ducation populaire et du num\u00e9rique.</strong></p>\n<p>La programmation est une <b>co-construction.</b> <strong><span style=\"text-decoration: underline\">Chacun est donc invit\u00e9 \u00e0 proposer un \u00e9v\u00e9nement pour \u00e9changer, mettre en pratique ou documenter</span></strong>. <i>L&rsquo;agenda sera d\u00e9voil\u00e9 \u00e0 partir du 20 octobre</i>.</p>\n<h3 style=\"text-align: center\">Appel \u00e0 participation</h3>\n<p>Si vous souhaitez participer \u00e0 la programmation de ces <a href=\"https://twitter.com/hashtag/EGN_Libre?src=hashtag_click\">#EGN_Libre, </a>proposer des nouvelles id\u00e9es, ou contribuer \u00e0 l\u2019organisation de cet \u00e9v\u00e9nement ; <strong>rendez-vous ici : <a href=\"https://framaforms.org/etat-generaux-du-numerique-libre-dans-leducation-1600877197\">https://framaforms.org/etat-generaux-du-numerique-libre-dans-leducation-1600877197.</a></strong></p>\n<h3 style=\"text-align: center\">Contact et informations</h3>\n<p>Plus d&rsquo;informations sur : <a href=\"https://wiki.faire-ecole.org/wiki/Numerique_libre_pour_l%27education_et_communs_pedagogiques\">https://wiki.faire-ecole.org/wiki/Numerique_libre_pour_l%27education_et_communs_pedagogiques</a></p>\n<p>contact : <a href=\"https://twitter.com/Num_Edu_Libre\">@Edu_Libre</a> ou <a href=\"https://chat.faire-ecole.org/channel/logiciels-libres-et-numerique-educatif\">#logiciels-libres-et-numerique-educatif.</a></p>\n<p>&nbsp;<span id=\"more-5599\"></span></p>\n<p>Cet article <a href=\"https://www.les-communs-dabord.org/appel-a-participation-etats-generaux-du-numerique-libre-et-des-communs-pedagogiques/\">Appel \u00e0 participation &#8211; \u00c9tats G\u00e9n\u00e9raux du num\u00e9rique libre et des communs p\u00e9dagogiques</a> est apparu en premier sur <a href=\"https://www.les-communs-dabord.org\">Les Communs d&#039;Abord</a>.</p>\n",
            "content_text": "\u00c9tats G\u00e9n\u00e9raux du num\u00e9rique libre et des communs p\u00e9dagogiques\nSuite au confinement le Minist\u00e8re de l&rsquo;\u00c9ducation Nationale organise \u00e0 Poitiers les 4 et 5 novembre prochains, les \u00c9tats G\u00e9n\u00e9raux du Num\u00e9rique pour l&rsquo;\u00c9ducation (EGN). L&rsquo;absence de d\u00e9bat sur la place prise par les GAFAM dans l&rsquo;\u00e9ducation au cours de cette crise ne doit pas r\u00e9duire celui sur les solutions alternatives et les autres mod\u00e8les de collaboration et d&rsquo;apprentissage dont l&rsquo;int\u00e9r\u00eat s&rsquo;est de nouveau r\u00e9v\u00e9l\u00e9 essentiel pendant le confinement. En particulier, des communaut\u00e9s de pratiques formelles et informelles, et des milliers d&rsquo;individus (enseignant.es, parents, \u00e9l\u00e8ves, m\u00e9diateurs, etc.) ont utilis\u00e9 et modifi\u00e9 des ressources libres (contenus, logiciels, donn\u00e9es) pour coop\u00e9rer, \u00e9laborer des sc\u00e9narios d&rsquo;apprentissage, apprendre et enseigner.\nDes propositions ont \u00e9t\u00e9 collect\u00e9es aupr\u00e8s d&rsquo;une vari\u00e9t\u00e9 large d&rsquo;acteurs issus de l&rsquo;\u00e9ducation nationale, de l&rsquo;\u00e9ducation populaire et du libre afin d&rsquo;alimenter une politique publique des ressources libres dans l&rsquo;\u00e9ducation et des communs p\u00e9dagogiques. Afin de valoriser ces propositions, de documenter ce qui existe et de cr\u00e9er des liens entre les r\u00e9seaux, il est propos\u00e9 d&rsquo;organiser en ligne, les 3 et 4 novembre, des EGN du libre des communs p\u00e9dagogiques. Ces EGN du libre et des communs p\u00e9dagogiques sont une forme originale de participation citoyenne \u00e0 une d\u00e9marche institutionnelle.\nProgrammation\nEnti\u00e8rement en ligne, les EGN libre et des communs p\u00e9dagogiques proposeront des temps d&rsquo;inspiration, d&rsquo;\u00e9change et de co-production de ressources. Ils participeront par cela \u00e0 renforcer les liens entre les communaut\u00e9s de l&rsquo;\u00e9ducation, de l&rsquo;\u00e9ducation populaire et du num\u00e9rique.\nLa programmation est une co-construction. Chacun est donc invit\u00e9 \u00e0 proposer un \u00e9v\u00e9nement pour \u00e9changer, mettre en pratique ou documenter. L&rsquo;agenda sera d\u00e9voil\u00e9 \u00e0 partir du 20 octobre.\nAppel \u00e0 participation\nSi vous souhaitez participer \u00e0 la programmation de ces #EGN_Libre, proposer des nouvelles id\u00e9es, ou contribuer \u00e0 l\u2019organisation de cet \u00e9v\u00e9nement ; rendez-vous ici : https://framaforms.org/etat-generaux-du-numerique-libre-dans-leducation-1600877197.\nContact et informations\nPlus d&rsquo;informations sur : https://wiki.faire-ecole.org/wiki/Numerique_libre_pour_l%27education_et_communs_pedagogiques\ncontact : @Edu_Libre ou #logiciels-libres-et-numerique-educatif.\n&nbsp;\nCet article Appel \u00e0 participation &#8211; \u00c9tats G\u00e9n\u00e9raux du num\u00e9rique libre et des communs p\u00e9dagogiques est apparu en premier sur Les Communs d&#039;Abord.",
            "date_published": "2020-10-03T19:00:25+02:00",
            "date_modified": "2020-10-03T19:20:36+02:00",
            "authors": [
                {
                    "name": "thomasgermain",
                    "url": "https://www.les-communs-dabord.org/author/germain/",
                    "avatar": "https://secure.gravatar.com/avatar/bfc91b6483b6b068657bdd110a1f05a00e0a3ae31acbea4a29d4227b2ff390df?s=512&d=mm&r=g"
                }
            ],
            "author": {
                "name": "thomasgermain",
                "url": "https://www.les-communs-dabord.org/author/germain/",
                "avatar": "https://secure.gravatar.com/avatar/bfc91b6483b6b068657bdd110a1f05a00e0a3ae31acbea4a29d4227b2ff390df?s=512&d=mm&r=g"
            },
            "image": "https://www.les-communs-dabord.org/wp-content/uploads/sites/18/2020/10/800px-EGN_Libre_affiche_V1.jpg",
            "tags": [
                "\u00e9ducation populaire",
                "logiciel libre",
                "p\u00e9dagogie",
                "ressources p\u00e9dagogiques",
                "Les communs en action"
            ]
        },
        {
            "id": "https://www.les-communs-dabord.org/?p=5520",
            "url": "https://www.les-communs-dabord.org/outils-indiehosters-lance-liiibre-nouvelle-solution-complete-pour-les-projets-collaboratifs/",
            "title": "[ Outils ] IndieHosters lance \u00ab\u00a0Liiibre\u00a0\u00bb, nouvelle solution compl\u00e8te pour les projets collaboratifs",
            "content_html": "<p><strong><a href=\"https://indiehosters.net/\">IndieHosters</a>, structure membre du <a href=\"https://chatons.org/\" target=\"_blank\" rel=\"noopener noreferrer\">Collectif des H\u00e9bergeurs Alternatifs Transparents Ouverts Neutres et Solidaires (CHATONS),</a> d\u00e9veloppe un mod\u00e8le \u00e9conomique bas\u00e9 sur les communs. </strong></p>\n<p>Le 15 septembre dernier, <a href=\"https://indiehosters.net/\" target=\"_blank\" rel=\"noopener noreferrer\">IndieHosters</a> a officiellement mis en ligne une nouvelle solution : Liiibre. Gr\u00e2ce \u00e0 celle-ci, il est dor\u00e9navant plus simple pour les structures qui le souhaitent de migrer vers des outils libres et \u00e9mancipateurs.</p>\n<p>&nbsp;</p>\n<blockquote><p>Liiibre est destin\u00e9 aux organisations allant d\u2019une trentaine \u00e0 plusieurs centaines de personnes qui ne souhaitent pas h\u00e9berger elles-m\u00eames leurs outils sans pour autant l\u00e2cher leur souverainet\u00e9 sur les donn\u00e9es.</p></blockquote>\n<p>&nbsp;</p>\n<p><strong>Dans le cadre de la sortie de Liiibre, l&rsquo;association Framasoft partage avec nous une interview du collectif <a href=\"https://indiehosters.net/\" target=\"_blank\" rel=\"noopener noreferrer\">IndieHosters</a>, pour d\u00e9couvrir non seulement </strong><strong>cette solution, mais aussi le fonctionnement et les valeurs de ce collectif.<br />\n</strong></p>\n<p>=&gt; A lire sur <a href=\"https://framablog.org/2020/09/16/liiibre-une-solution-complete-pour-vos-projets-collaboratifs/\">Framablog</a></p>\n<p>&nbsp;</p>\n<p>&nbsp;<span id=\"more-5520\"></span></p>\n<p>Cet article <a href=\"https://www.les-communs-dabord.org/outils-indiehosters-lance-liiibre-nouvelle-solution-complete-pour-les-projets-collaboratifs/\">[ Outils ] IndieHosters lance \u00ab\u00a0Liiibre\u00a0\u00bb, nouvelle solution compl\u00e8te pour les projets collaboratifs</a> est apparu en premier sur <a href=\"https://www.les-communs-dabord.org\">Les Communs d&#039;Abord</a>.</p>\n",
            "content_text": "IndieHosters, structure membre du Collectif des H\u00e9bergeurs Alternatifs Transparents Ouverts Neutres et Solidaires (CHATONS), d\u00e9veloppe un mod\u00e8le \u00e9conomique bas\u00e9 sur les communs. \nLe 15 septembre dernier, IndieHosters a officiellement mis en ligne une nouvelle solution : Liiibre. Gr\u00e2ce \u00e0 celle-ci, il est dor\u00e9navant plus simple pour les structures qui le souhaitent de migrer vers des outils libres et \u00e9mancipateurs.\n&nbsp;\nLiiibre est destin\u00e9 aux organisations allant d\u2019une trentaine \u00e0 plusieurs centaines de personnes qui ne souhaitent pas h\u00e9berger elles-m\u00eames leurs outils sans pour autant l\u00e2cher leur souverainet\u00e9 sur les donn\u00e9es.\n&nbsp;\nDans le cadre de la sortie de Liiibre, l&rsquo;association Framasoft partage avec nous une interview du collectif IndieHosters, pour d\u00e9couvrir non seulement cette solution, mais aussi le fonctionnement et les valeurs de ce collectif.\n\n=&gt; A lire sur Framablog\n&nbsp;\n&nbsp;\nCet article [ Outils ] IndieHosters lance \u00ab\u00a0Liiibre\u00a0\u00bb, nouvelle solution compl\u00e8te pour les projets collaboratifs est apparu en premier sur Les Communs d&#039;Abord.",
            "date_published": "2020-09-19T17:44:26+02:00",
            "date_modified": "2020-09-20T13:40:18+02:00",
            "authors": [
                {
                    "name": "sylviafredriksson",
                    "url": "https://www.les-communs-dabord.org/author/sylviafredriksson/",
                    "avatar": "https://secure.gravatar.com/avatar/b789251818587c57a91c729cf5e713a8ec7c93ca7260aebba091f19c2243ab6f?s=512&d=mm&r=g"
                }
            ],
            "author": {
                "name": "sylviafredriksson",
                "url": "https://www.les-communs-dabord.org/author/sylviafredriksson/",
                "avatar": "https://secure.gravatar.com/avatar/b789251818587c57a91c729cf5e713a8ec7c93ca7260aebba091f19c2243ab6f?s=512&d=mm&r=g"
            },
            "image": "https://www.les-communs-dabord.org/wp-content/uploads/sites/18/2020/09/liiibre_web.png",
            "tags": [
                "donn\u00e9es",
                "logiciel libre",
                "souverainet\u00e9 technologique",
                "Actualit\u00e9s"
            ]
        },
        {
            "id": "http://www.les-communs-dabord.org/?p=4871",
            "url": "https://www.les-communs-dabord.org/appel-a-participation-2020-les-journees-du-logiciel-libre-de-lyon-reviennent-les-4-et-5-avril-2020/",
            "title": "Appel \u00e0 participation 2020 : les Journ\u00e9es du Logiciel Libre de Lyon reviennent les 4 et 5 Avril 2020 !",
            "content_html": "<p>D\u2019abord confidentielles et discr\u00e8tes, puis ouvertes \u00e0 un public plus large, les <a href=\"https://pretalx.jdll.org/jdll2020/cfp\">journ\u00e9es du logiciel libre</a> accueillent d\u00e9sormais le temps d&rsquo;un week-end plus de 1000 visiteur\u00b7se\u00b7s . Lieu de rencontre bouillonnant depuis 1998, cette fourmili\u00e8re \u00e9ph\u00e9m\u00e8re rassemble les int\u00e9ress\u00e9\u00b7e\u00b7s et curieu\u00b7x\u00b7se\u00b7s de tous bords et de tous niveaux. Certain\u00b7e\u00b7s pour s\u2019initier, d\u2019autres pour partager des id\u00e9es, des programmes, des projets et construire ensemble des lendemains plus libres !</p>\n<p>=&gt; Consulter l&rsquo;appel<a href=\"https://pretalx.jdll.org/jdll2020/cfp\"> ici</a></p>\n<blockquote><p><strong>Logiciel libre : Utopies concr\u00e8tes et accessibles</strong></p>\n<p>#Commun, #Multiplicit\u00e9s, #Inclusion, #Dialogue , #Humain, #Transmission</p>\n<p>Au sein d&rsquo;une soci\u00e9t\u00e9 capitaliste, le num\u00e9rique est pens\u00e9 et construit comme un outil d&rsquo;exclusion et d&rsquo;oppression. Par la d\u00e9mat\u00e9rialisation des services, il aggrave les in\u00e9galit\u00e9s et facilite la marchandisation du moindre recoin de nos vies. Or, les alternatives concr\u00e8tes existent d\u00e9j\u00e0, mobilisons-nous pour promouvoir leur usage !</p>\n<p>Le Libre permet l&rsquo;\u00e9mancipation et l&rsquo;autonomie des individus \u00e0 travers le partage des connaissances et de la mise en commun des savoir-faire pour la r\u00e9appropriation de nos vies. Cela passe par un usage actif et collectif des outils et une implication dans les communaut\u00e9s dont nous sommes les acteurs et les actrices. Ces communaut\u00e9s forment un r\u00e9seau d\u00e9centralis\u00e9, rhizomique, renforc\u00e9 par ses capacit\u00e9s d&rsquo;inclusion. \u00c0 travers le dialogue et les \u00e9changes de nos membres, nous sommes riches de nos multiplicit\u00e9s et diff\u00e9rences.</p>\n<p>Pour construire des algorithmes collectifs et ma\u00eetris\u00e9s, pour une intelligence qui ne soit pas qu&rsquo;artificielle et des logiciels libres au service d&rsquo;humain\u00b7e\u00b7s \u00e9mancip\u00e9\u00b7e\u00b7s !</p>\n<p><strong>Mode d&#8217;emploi pour les intervenant\u00b7e\u00b7s</strong></p>\n<p>Les JdLL re\u00e7oivent des publics vari\u00e9s et toute proposition est bienvenue, qu\u2019elle s\u2019adresse aux enfants, aux adultes, aux seniors, n\u00e9ophytes comme expert\u00b7e\u00b7s. Vous pouvez aussi cibler les associations, les entreprises, les collectivit\u00e9s territoriales, les trolls ou le minist\u00e8re de l\u2019int\u00e9rieur\u2026</p>\n<p>Les Journ\u00e9es, du 4 &amp; 5 avril 2020, sont ouvertes de 10h \u00e0 18h. Des espaces buvette et restauration circuit court sont pr\u00e9vus sur place et un repas est organis\u00e9 le samedi soir pour ceux qui le d\u00e9sirent.</p>\n<p>Le format de l\u2019\u00e9v\u00e9nement permet plusieurs types de contributions :</p>\n<ul>\n<li>Conf\u00e9rence (1h par d\u00e9faut, mettez nous un petit commentaire dans votre proposition pour une dur\u00e9e diff\u00e9rente)</li>\n<li>Atelier (1h par d\u00e9faut, mettez nous un petit commentaire dans votre proposition pour une dur\u00e9e diff\u00e9rente)</li>\n<li>Activit\u00e9 pour enfants \u00e0 partir de 7 ans</li>\n<li>Stand / Do It Yourself sur le village associatif</li>\n<li>Participation \u00e0 l\u2019Install Party (Venez aider les visiteurs \u00e0 passer \u00e0 des solutions libres. Vous pouvez sp\u00e9cifier vos disponibilit\u00e9s)</li>\n</ul>\n<p>Nous restons ouverts \u00e0 d\u2019autres id\u00e9es pour celles et ceux qui voudraient exp\u00e9rimenter !<br />\nVous pouvez mixer plusieurs types de contributions, soyez nombreux\u00b7ses pour assurer la pr\u00e9sence de votre collectif sur toutes les activit\u00e9s (par exemple une conf\u00e9rence suivie d\u2019un atelier, d\u2019un stand).</p>\n<p><strong>Attention les participant\u00b7e\u00b7s au stand et DIY sont tenu\u00b7e\u00b7s d&rsquo;\u00eatre pr\u00e9sent\u00b7e\u00b7s sur l&rsquo;ensemble du week-end. Leurs disponibilit\u00e9s ne seront pas prises en compte.</strong></p></blockquote>\n<p><strong> Vous pouvez <a href=\"https://pretalx.jdll.org/jdll2020/cfp\">proposer des interventions</a> jusqu&rsquo;au 31 janvier 2020</strong></p>\n<p>Source : https://pretalx.jdll.org/jdll2020/cfp</p>\n<p>&nbsp;</p>\n<p><img loading=\"lazy\" decoding=\"async\" class=\"alignnone wp-image-4872 size-full\" src=\"https://www.les-communs-dabord.org/wp-content/uploads/sites/18/2019/11/EJMS1HAWkAE5BuB.jpg\" alt=\"\" width=\"479\" height=\"679\" srcset=\"https://www.les-communs-dabord.org/wp-content/uploads/sites/18/2019/11/EJMS1HAWkAE5BuB.jpg 479w, https://www.les-communs-dabord.org/wp-content/uploads/sites/18/2019/11/EJMS1HAWkAE5BuB-212x300.jpg 212w\" sizes=\"auto, (max-width: 639px) 98vw, (max-width: 1199px) 64vw, 479px\" /></p>\n<p><img loading=\"lazy\" decoding=\"async\" class=\"alignnone wp-image-4873 \" src=\"https://www.les-communs-dabord.org/wp-content/uploads/sites/18/2019/11/EJMS1JpWwAAQpea-722x1024.jpg\" alt=\"\" width=\"483\" height=\"687\" /><span id=\"more-4871\"></span></p>\n<p>Cet article <a href=\"https://www.les-communs-dabord.org/appel-a-participation-2020-les-journees-du-logiciel-libre-de-lyon-reviennent-les-4-et-5-avril-2020/\">Appel \u00e0 participation 2020 : les Journ\u00e9es du Logiciel Libre de Lyon reviennent les 4 et 5 Avril 2020 !</a> est apparu en premier sur <a href=\"https://www.les-communs-dabord.org\">Les Communs d&#039;Abord</a>.</p>\n",
            "content_text": "D\u2019abord confidentielles et discr\u00e8tes, puis ouvertes \u00e0 un public plus large, les journ\u00e9es du logiciel libre accueillent d\u00e9sormais le temps d&rsquo;un week-end plus de 1000 visiteur\u00b7se\u00b7s . Lieu de rencontre bouillonnant depuis 1998, cette fourmili\u00e8re \u00e9ph\u00e9m\u00e8re rassemble les int\u00e9ress\u00e9\u00b7e\u00b7s et curieu\u00b7x\u00b7se\u00b7s de tous bords et de tous niveaux. Certain\u00b7e\u00b7s pour s\u2019initier, d\u2019autres pour partager des id\u00e9es, des programmes, des projets et construire ensemble des lendemains plus libres !\n=&gt; Consulter l&rsquo;appel ici\nLogiciel libre : Utopies concr\u00e8tes et accessibles\n#Commun, #Multiplicit\u00e9s, #Inclusion, #Dialogue , #Humain, #Transmission\nAu sein d&rsquo;une soci\u00e9t\u00e9 capitaliste, le num\u00e9rique est pens\u00e9 et construit comme un outil d&rsquo;exclusion et d&rsquo;oppression. Par la d\u00e9mat\u00e9rialisation des services, il aggrave les in\u00e9galit\u00e9s et facilite la marchandisation du moindre recoin de nos vies. Or, les alternatives concr\u00e8tes existent d\u00e9j\u00e0, mobilisons-nous pour promouvoir leur usage !\nLe Libre permet l&rsquo;\u00e9mancipation et l&rsquo;autonomie des individus \u00e0 travers le partage des connaissances et de la mise en commun des savoir-faire pour la r\u00e9appropriation de nos vies. Cela passe par un usage actif et collectif des outils et une implication dans les communaut\u00e9s dont nous sommes les acteurs et les actrices. Ces communaut\u00e9s forment un r\u00e9seau d\u00e9centralis\u00e9, rhizomique, renforc\u00e9 par ses capacit\u00e9s d&rsquo;inclusion. \u00c0 travers le dialogue et les \u00e9changes de nos membres, nous sommes riches de nos multiplicit\u00e9s et diff\u00e9rences.\nPour construire des algorithmes collectifs et ma\u00eetris\u00e9s, pour une intelligence qui ne soit pas qu&rsquo;artificielle et des logiciels libres au service d&rsquo;humain\u00b7e\u00b7s \u00e9mancip\u00e9\u00b7e\u00b7s !\nMode d&#8217;emploi pour les intervenant\u00b7e\u00b7s\nLes JdLL re\u00e7oivent des publics vari\u00e9s et toute proposition est bienvenue, qu\u2019elle s\u2019adresse aux enfants, aux adultes, aux seniors, n\u00e9ophytes comme expert\u00b7e\u00b7s. Vous pouvez aussi cibler les associations, les entreprises, les collectivit\u00e9s territoriales, les trolls ou le minist\u00e8re de l\u2019int\u00e9rieur\u2026\nLes Journ\u00e9es, du 4 &amp; 5 avril 2020, sont ouvertes de 10h \u00e0 18h. Des espaces buvette et restauration circuit court sont pr\u00e9vus sur place et un repas est organis\u00e9 le samedi soir pour ceux qui le d\u00e9sirent.\nLe format de l\u2019\u00e9v\u00e9nement permet plusieurs types de contributions :\n\nConf\u00e9rence (1h par d\u00e9faut, mettez nous un petit commentaire dans votre proposition pour une dur\u00e9e diff\u00e9rente)\nAtelier (1h par d\u00e9faut, mettez nous un petit commentaire dans votre proposition pour une dur\u00e9e diff\u00e9rente)\nActivit\u00e9 pour enfants \u00e0 partir de 7 ans\nStand / Do It Yourself sur le village associatif\nParticipation \u00e0 l\u2019Install Party (Venez aider les visiteurs \u00e0 passer \u00e0 des solutions libres. Vous pouvez sp\u00e9cifier vos disponibilit\u00e9s)\n\nNous restons ouverts \u00e0 d\u2019autres id\u00e9es pour celles et ceux qui voudraient exp\u00e9rimenter !\nVous pouvez mixer plusieurs types de contributions, soyez nombreux\u00b7ses pour assurer la pr\u00e9sence de votre collectif sur toutes les activit\u00e9s (par exemple une conf\u00e9rence suivie d\u2019un atelier, d\u2019un stand).\nAttention les participant\u00b7e\u00b7s au stand et DIY sont tenu\u00b7e\u00b7s d&rsquo;\u00eatre pr\u00e9sent\u00b7e\u00b7s sur l&rsquo;ensemble du week-end. Leurs disponibilit\u00e9s ne seront pas prises en compte.\n Vous pouvez proposer des interventions jusqu&rsquo;au 31 janvier 2020\nSource : https://pretalx.jdll.org/jdll2020/cfp\n&nbsp;\n\n\nCet article Appel \u00e0 participation 2020 : les Journ\u00e9es du Logiciel Libre de Lyon reviennent les 4 et 5 Avril 2020 ! est apparu en premier sur Les Communs d&#039;Abord.",
            "date_published": "2019-11-13T13:44:57+01:00",
            "date_modified": "2019-11-13T13:44:57+01:00",
            "authors": [
                {
                    "name": "sylviafredriksson",
                    "url": "https://www.les-communs-dabord.org/author/sylviafredriksson/",
                    "avatar": "https://secure.gravatar.com/avatar/b789251818587c57a91c729cf5e713a8ec7c93ca7260aebba091f19c2243ab6f?s=512&d=mm&r=g"
                }
            ],
            "author": {
                "name": "sylviafredriksson",
                "url": "https://www.les-communs-dabord.org/author/sylviafredriksson/",
                "avatar": "https://secure.gravatar.com/avatar/b789251818587c57a91c729cf5e713a8ec7c93ca7260aebba091f19c2243ab6f?s=512&d=mm&r=g"
            },
            "image": "https://www.les-communs-dabord.org/wp-content/uploads/sites/18/2019/11/EJMS1HAWkAE5BuB.jpg",
            "tags": [
                "\u00e9ducation populaire",
                "logiciel libre",
                "Actualit\u00e9s"
            ]
        },
        {
            "id": "http://www.les-communs-dabord.org/target/decidim-day-2019/",
            "url": "https://www.les-communs-dabord.org/decidim-day-2019/",
            "title": "Decidim Day 2019 (12 septembre 2019, Paris)",
            "content_html": "<div class=\"structured-content-rich-text structured-content__module l-align-left l-mar-vert-6 l-sm-mar-vert-4 text-body-medium\">\n<p><strong>Pour la premi\u00e8re fois\u2026 la communaut\u00e9 Decidim se r\u00e9unit \u00e0 Paris, le 12 septembre 2019 (de 09:00 \u00e0 20:30 au Liberte Living-Lab \u00e0 Paris) pour marquer l\u2019expansion europ\u00e9enne de cette communaut\u00e9 et la diffusion \u00e9largie du logiciel \u00e0 de nombreux cas d\u2019usage lors de cette derni\u00e8re ann\u00e9e.</strong></p>\n<blockquote><p>Initi\u00e9 en 2016 \u00e0 Barcelone, ce logiciel libre de d\u00e9mocratie participative s\u2019est impos\u00e9 comme une r\u00e9f\u00e9rence de la civic tech internationale (<a href=\"https://twitter.com/EU_ISA2/status/1138465807674073091\" target=\"_blank\" rel=\"nofollow noopener noreferrer\">2e prix du projet open source le plus innovant de la Commission Europ\u00e9enne</a>). Aujourd\u2019hui, Decidim est utilis\u00e9 par plus d\u2019une centaine d\u2019organisations publiques et priv\u00e9es en Belgique, en France, en Espagne, au Mexique et en Finlande. (<a href=\"https://www.lemonde.fr/economie/article/2019/06/07/a-barcelone-un-modele-original-de-commun-numerique_5473033_3234.html\" target=\"_blank\" rel=\"nofollow noopener noreferrer\">Le Monde y consacre un article</a>).</p></blockquote>\n<h3>Au programme de la journ\u00e9e</h3>\n<p><strong>Matin</strong></p>\n<ul>\n<li>9h &#8211; 9h30<strong> | </strong>Accueil &amp; petit-d\u00e9jeuner</li>\n<li>9h30 &#8211; 10h<strong> | </strong>Introduction par l&rsquo;\u00e9quipe d&rsquo;Open Source Politics</li>\n<li>10h &#8211; 11h<strong> |</strong> T\u00e9moignages</li>\n<li>11h &#8211; 12h<strong> | </strong>Discussion</li>\n<li>12h &#8211; 12h30<strong> | </strong>Annonces</li>\n</ul>\n<p><strong>Apr\u00e8s-midi </strong></p>\n<ul>\n<li>13h30 &#8211; 15h <strong>|</strong> Tables rondes</li>\n<li>15h &#8211; 15h30 <strong>|</strong> Pause</li>\n<li>15h30 &#8211; 17h <strong>|</strong> Focus</li>\n<li>17h &#8211; 18h <strong>|</strong> Restitution &amp; Conclusion</li>\n<li>18h &#8211; 20h <strong>|</strong> Decidim NIght</li>\n</ul>\n<p><strong>\u00c0 noter, une session intitul\u00e9e \u00ab\u00a0les communs \u00e0 la rescousse\u00a0\u00bb Financement et mutualisation :\u00a0\u00a0</strong></p>\n<p><img loading=\"lazy\" decoding=\"async\" class=\"alignnone wp-image-4634 size-large\" src=\"https://www.les-communs-dabord.org/wp-content/uploads/sites/18/2019/09/EDtq-hCXkAI_6N1-768x1024.jpg\" alt=\"\" width=\"768\" height=\"1024\" srcset=\"https://www.les-communs-dabord.org/wp-content/uploads/sites/18/2019/09/EDtq-hCXkAI_6N1.jpg 768w, https://www.les-communs-dabord.org/wp-content/uploads/sites/18/2019/09/EDtq-hCXkAI_6N1-225x300.jpg 225w, https://www.les-communs-dabord.org/wp-content/uploads/sites/18/2019/09/EDtq-hCXkAI_6N1-600x800.jpg 600w, https://www.les-communs-dabord.org/wp-content/uploads/sites/18/2019/09/EDtq-hCXkAI_6N1-640x853.jpg 640w\" sizes=\"auto, (max-width: 639px) 98vw, (max-width: 1199px) 64vw, 768px\" /></p>\n</div>\n<p id=\"mct-ai-attriblink\"><a href=\"https://www.eventbrite.fr/e/billets-decidim-day-2019-64716997281\" target=\"_blank\" rel=\"noopener noreferrer\">=&gt; lire la source www.eventbrite.fr</a></p>\n<p><span id=\"more-4631\"></span></p>\n<p>Cet article <a href=\"https://www.les-communs-dabord.org/decidim-day-2019/\">Decidim Day 2019 (12 septembre 2019, Paris)</a> est apparu en premier sur <a href=\"https://www.les-communs-dabord.org\">Les Communs d&#039;Abord</a>.</p>\n",
            "content_text": "Pour la premi\u00e8re fois\u2026 la communaut\u00e9 Decidim se r\u00e9unit \u00e0 Paris, le 12 septembre 2019 (de 09:00 \u00e0 20:30 au Liberte Living-Lab \u00e0 Paris) pour marquer l\u2019expansion europ\u00e9enne de cette communaut\u00e9 et la diffusion \u00e9largie du logiciel \u00e0 de nombreux cas d\u2019usage lors de cette derni\u00e8re ann\u00e9e.\nIniti\u00e9 en 2016 \u00e0 Barcelone, ce logiciel libre de d\u00e9mocratie participative s\u2019est impos\u00e9 comme une r\u00e9f\u00e9rence de la civic tech internationale (2e prix du projet open source le plus innovant de la Commission Europ\u00e9enne). Aujourd\u2019hui, Decidim est utilis\u00e9 par plus d\u2019une centaine d\u2019organisations publiques et priv\u00e9es en Belgique, en France, en Espagne, au Mexique et en Finlande. (Le Monde y consacre un article).\nAu programme de la journ\u00e9e\nMatin\n\n9h &#8211; 9h30 | Accueil &amp; petit-d\u00e9jeuner\n9h30 &#8211; 10h | Introduction par l&rsquo;\u00e9quipe d&rsquo;Open Source Politics\n10h &#8211; 11h | T\u00e9moignages\n11h &#8211; 12h | Discussion\n12h &#8211; 12h30 | Annonces\n\nApr\u00e8s-midi \n\n13h30 &#8211; 15h | Tables rondes\n15h &#8211; 15h30 | Pause\n15h30 &#8211; 17h | Focus\n17h &#8211; 18h | Restitution &amp; Conclusion\n18h &#8211; 20h | Decidim NIght\n\n\u00c0 noter, une session intitul\u00e9e \u00ab\u00a0les communs \u00e0 la rescousse\u00a0\u00bb Financement et mutualisation :\u00a0\u00a0\n\n\n=&gt; lire la source www.eventbrite.fr\n\nCet article Decidim Day 2019 (12 septembre 2019, Paris) est apparu en premier sur Les Communs d&#039;Abord.",
            "date_published": "2019-09-08T08:43:59+02:00",
            "date_modified": "2019-09-08T08:44:31+02:00",
            "authors": [
                {
                    "name": "sylviafredriksson",
                    "url": "https://www.les-communs-dabord.org/author/sylviafredriksson/",
                    "avatar": "https://secure.gravatar.com/avatar/b789251818587c57a91c729cf5e713a8ec7c93ca7260aebba091f19c2243ab6f?s=512&d=mm&r=g"
                }
            ],
            "author": {
                "name": "sylviafredriksson",
                "url": "https://www.les-communs-dabord.org/author/sylviafredriksson/",
                "avatar": "https://secure.gravatar.com/avatar/b789251818587c57a91c729cf5e713a8ec7c93ca7260aebba091f19c2243ab6f?s=512&d=mm&r=g"
            },
            "image": "https://www.les-communs-dabord.org/wp-content/uploads/sites/18/2019/09/https3A2F2Fcdn.evbuc_.com2Fimages2F650061872F3117950616762F12Foriginal.jpeg",
            "tags": [
                "d\u00e9mocratie",
                "logiciel libre",
                "Agenda"
            ]
        },
        {
            "id": "http://www.les-communs-dabord.org/target/changer-le-logiciel-de-celles-et-ceux-qui-changent-le-monde/",
            "url": "https://www.les-communs-dabord.org/changer-le-logiciel-de-celles-et-ceux-qui-changent-le-monde/",
            "title": "60 jours pour financer Mobilizon : une alternative libre et f\u00e9d\u00e9r\u00e9e aux \u00e9v\u00e9nements Facebook, par Framasoft",
            "content_html": "<p><b>F</b><a class=\"twitter-atreply pretty-link js-nav\" href=\"https://twitter.com/framasoft\" data-mentioned-user-id=\"18230705\"><b>ramasoft </b></a><b>lance ce 14 mai une collecte pour <a href=\"https://joinmobilizon.org\">financer Mobilizon, </a>une plateforme d\u2019organisation d\u2019\u00e9v\u00e9nements libre et d\u00e9centralis\u00e9e en <strong>alternative aux \u00e9v\u00e9nements Facebook</strong>. \u00c0 soutenir via <strong><a href=\"https://framablog.org/2019/05/14/mobilizon-financons-un-outil-pour-sortir-nos-evenements-de-facebook/\" target=\"_blank\" rel=\"noopener noreferrer\">framablog.org</a></strong></b></p>\n<p><img loading=\"lazy\" decoding=\"async\" class=\"alignnone size-medium wp-image-4509\" src=\"https://www.les-communs-dabord.org/wp-content/uploads/sites/18/2019/05/Capture-d\u2019e\u0301cran-2019-05-14-a\u0300-13.43.20-300x124.png\" alt=\"\" width=\"300\" height=\"124\" srcset=\"https://www.les-communs-dabord.org/wp-content/uploads/sites/18/2019/05/Capture-d\u2019e\u0301cran-2019-05-14-a\u0300-13.43.20-300x124.png 300w, https://www.les-communs-dabord.org/wp-content/uploads/sites/18/2019/05/Capture-d\u2019e\u0301cran-2019-05-14-a\u0300-13.43.20.png 314w\" sizes=\"auto, (max-width: 639px) 98vw, (max-width: 1199px) 64vw, 300px\" /></p>\n<p>&nbsp;</p>\n<blockquote><p>Finan\u00e7ons un outil pour sortir nos \u00e9v\u00e9nements de Facebook !</p>\n<p>Nous avons moins de 60 jours pour <a href=\"https://joinmobilizon.org\">financer Mobilizon</a>. Moins de 60 jours pour faire conna\u00eetre notre projet d\u2019<strong>alternative libre et f\u00e9d\u00e9r\u00e9e aux \u00e9v\u00e9nements Facebook</strong>\u00a0; et pour savoir \u00e0 quel point nous devons nous y investir.</p>\n<p><strong>Changer le logiciel de celles et ceux qui changent le monde\u00a0?</strong></p>\n<p>Des marches pour le climat organis\u00e9es sur Facebook aux hackathons de logiciels libres qui se font gr\u00e2ce \u00e0 Meetup\u00a0: pour changer le monde, les utopistes (comme nous\u00a0!) s\u2019organisent bien trop souvent sur les plateformes centralis\u00e9es des g\u00e9ants du web.</p>\n<p>On ne va pas r\u00e9p\u00e9ter ici \u00e0 quel point cliquer sur <em>\u00ab\u00a0Je participe\u00a0\u00bb</em> \u00e0 un \u00e9v\u00e9nement Facebook <em>\u00ab\u00a0Barbecue v\u00e9gan de la justice sociale\u00a0\u00bb</em> pose de nombreux probl\u00e8mes\u00a0: cela en dit <a href=\"https://framablog.org/2019/01/12/les-donnees-que-recolte-google-document-complet/\">bien plus sur soi qu\u2019on ne l\u2019imagine</a>, donne <a href=\"https://www.affordance.info/mon_weblog/2018/11/gilets-jaunes-facebook-bleu.html\">un pouvoir cons\u00e9quent aux publicitaires qui paient Facebook</a> et enferme la communaut\u00e9 de l\u2019\u00e9v\u00e9nement dans <a href=\"https://www.ted.com/talks/zeynep_tufekci_how_the_internet_has_made_social_change_easy_to_organize_hard_to_win\">un outil qui l\u2019emp\u00eachera de s\u2019auto-g\u00e9rer</a> et donc de perdurer.</p>\n<p>Et c\u2019est sans compter sur les r\u00e8gles d\u2019utilisation de ces plateformes, qui peuvent mener \u00e0 une fermeture, du jour au lendemain, sans aucune justification, d\u2019un groupe ou d\u2019une communaut\u00e9, et dont la structure centralis\u00e9e forme un potentiel guichet unique pour les agences de renseignement et des pirates mal intentionn\u00e9s.</p></blockquote>\n<p id=\"mct-ai-attriblink\"><strong><a href=\"https://framablog.org/2019/05/14/mobilizon-financons-un-outil-pour-sortir-nos-evenements-de-facebook/\" target=\"_blank\" rel=\"noopener noreferrer\">=&gt; D\u00e9couvrir et soutenir l&rsquo;initiative : framablog.org</a><br />\n=&gt; Mobilizon : <a href=\"https://joinmobilizon.org/fr/\">https://joinmobilizon.org/fr/</a><br />\n</strong></p>\n<p><span id=\"more-4506\"></span></p>\n<p>Cet article <a href=\"https://www.les-communs-dabord.org/changer-le-logiciel-de-celles-et-ceux-qui-changent-le-monde/\">60 jours pour financer Mobilizon : une alternative libre et f\u00e9d\u00e9r\u00e9e aux \u00e9v\u00e9nements Facebook, par Framasoft</a> est apparu en premier sur <a href=\"https://www.les-communs-dabord.org\">Les Communs d&#039;Abord</a>.</p>\n",
            "content_text": "Framasoft lance ce 14 mai une collecte pour financer Mobilizon, une plateforme d\u2019organisation d\u2019\u00e9v\u00e9nements libre et d\u00e9centralis\u00e9e en alternative aux \u00e9v\u00e9nements Facebook. \u00c0 soutenir via framablog.org\n\n&nbsp;\nFinan\u00e7ons un outil pour sortir nos \u00e9v\u00e9nements de Facebook !\nNous avons moins de 60 jours pour financer Mobilizon. Moins de 60 jours pour faire conna\u00eetre notre projet d\u2019alternative libre et f\u00e9d\u00e9r\u00e9e aux \u00e9v\u00e9nements Facebook\u00a0; et pour savoir \u00e0 quel point nous devons nous y investir.\nChanger le logiciel de celles et ceux qui changent le monde\u00a0?\nDes marches pour le climat organis\u00e9es sur Facebook aux hackathons de logiciels libres qui se font gr\u00e2ce \u00e0 Meetup\u00a0: pour changer le monde, les utopistes (comme nous\u00a0!) s\u2019organisent bien trop souvent sur les plateformes centralis\u00e9es des g\u00e9ants du web.\nOn ne va pas r\u00e9p\u00e9ter ici \u00e0 quel point cliquer sur \u00ab\u00a0Je participe\u00a0\u00bb \u00e0 un \u00e9v\u00e9nement Facebook \u00ab\u00a0Barbecue v\u00e9gan de la justice sociale\u00a0\u00bb pose de nombreux probl\u00e8mes\u00a0: cela en dit bien plus sur soi qu\u2019on ne l\u2019imagine, donne un pouvoir cons\u00e9quent aux publicitaires qui paient Facebook et enferme la communaut\u00e9 de l\u2019\u00e9v\u00e9nement dans un outil qui l\u2019emp\u00eachera de s\u2019auto-g\u00e9rer et donc de perdurer.\nEt c\u2019est sans compter sur les r\u00e8gles d\u2019utilisation de ces plateformes, qui peuvent mener \u00e0 une fermeture, du jour au lendemain, sans aucune justification, d\u2019un groupe ou d\u2019une communaut\u00e9, et dont la structure centralis\u00e9e forme un potentiel guichet unique pour les agences de renseignement et des pirates mal intentionn\u00e9s.\n=&gt; D\u00e9couvrir et soutenir l&rsquo;initiative : framablog.org\n=&gt; Mobilizon : https://joinmobilizon.org/fr/\n\n\nCet article 60 jours pour financer Mobilizon : une alternative libre et f\u00e9d\u00e9r\u00e9e aux \u00e9v\u00e9nements Facebook, par Framasoft est apparu en premier sur Les Communs d&#039;Abord.",
            "date_published": "2019-05-14T13:46:00+02:00",
            "date_modified": "2019-05-15T09:46:59+02:00",
            "authors": [
                {
                    "name": "sylviafredriksson",
                    "url": "https://www.les-communs-dabord.org/author/sylviafredriksson/",
                    "avatar": "https://secure.gravatar.com/avatar/b789251818587c57a91c729cf5e713a8ec7c93ca7260aebba091f19c2243ab6f?s=512&d=mm&r=g"
                }
            ],
            "author": {
                "name": "sylviafredriksson",
                "url": "https://www.les-communs-dabord.org/author/sylviafredriksson/",
                "avatar": "https://secure.gravatar.com/avatar/b789251818587c57a91c729cf5e713a8ec7c93ca7260aebba091f19c2243ab6f?s=512&d=mm&r=g"
            },
            "image": "https://www.les-communs-dabord.org/wp-content/uploads/sites/18/2019/05/Capture-d\u2019e\u0301cran-2019-05-14-a\u0300-13.43.20.png",
            "tags": [
                "GAFAM",
                "logiciel libre",
                "Actualit\u00e9s"
            ]
        }
    ]
}