{
    "version": "https://jsonfeed.org/version/1.1",
    "user_comment": "This feed allows you to read the posts from this site in any feed reader that supports the JSON Feed format. To add this feed to your reader, copy the following URL -- https://www.les-communs-dabord.org/tag/interculturalite/feed/json/ -- and add it your reader.",
    "home_page_url": "https://www.les-communs-dabord.org/tag/interculturalite/",
    "feed_url": "https://www.les-communs-dabord.org/tag/interculturalite/feed/json/",
    "language": "fr-FR",
    "title": "interculturalit\u00e9 Archives - Les Communs d&#039;Abord",
    "description": "le media des communs",
    "icon": "https://www.les-communs-dabord.org/wp-content/uploads/sites/18/2016/07/favicon-lcd.png",
    "items": [
        {
            "id": "http://www.les-communs-dabord.org/target/communs-outils-numeriques-et-diversite-du-mouvement/",
            "url": "https://www.les-communs-dabord.org/communs-outils-numeriques-et-diversite-du-mouvement/",
            "title": "Communs, outils num\u00e9riques et diversit\u00e9 du \u00ab mouvement \u00bb. L\u00e9a Eynaud et Fr\u00e9d\u00e9ric Sultan",
            "content_html": " <p> <strong>La revue <a href=\"http://sens-public.org/article1412.html\">Sens Public</a> vient de publier, au sein de son dossier \u00ab\u00a0\u00c9crire les communs. Au-devant de l\u2019irr\u00e9versible\u00a0\u00bb, un article co-\u00e9crit par L\u00e9a Eynaud et Fr\u00e9d\u00e9ric Sultan intitul\u00e9<em> Communs, outils num\u00e9riques et diversit\u00e9 du \u00ab mouvement \u00bb</em>, relatant d&rsquo;une enqu\u00eate ethnographique conduite entre 2015 et 2017 sur une liste de diffusion \u00e9lectronique nomm\u00e9e \u00e9changes.</strong> </p> \n<blockquote> <p> Inaugur\u00e9e en septembre 2012 par le R\u00e9seau francophone des biens communs (RFBC), cette liste avait pour ambition de servir d\u2019appui \u00e0 la constitution d\u2019un \u00ab mouvement des communs \u00bb, que ses initiateurs voulaient \u00ab interculturel \u00bb. Les auteurs interrogent ici le r\u00f4le effectif de l\u2019outil num\u00e9rique au regard de cet objectif d\u2019\u00ab unit\u00e9 dans la diversit\u00e9 \u00bb. D\u2019un c\u00f4t\u00e9, ils montrent que l\u2019outil num\u00e9rique a largement contribu\u00e9 au d\u00e9ploiement d\u2019un \u00ab mouvement des communs \u00bb transverse \u00e0 diff\u00e9rents champs, notamment en soutenant une large activit\u00e9 de mise en r\u00e9seau, d\u2019\u00e9change d\u2019information et de r\u00e9flexion, mais aussi en permettant \u00e0 une large communaut\u00e9 de faire l\u2019exp\u00e9rience concr\u00e8te de ce \u00ab mouvement \u00bb. D\u2019un autre c\u00f4t\u00e9, ils remettent en perspective l\u2019enthousiasme qu\u2019a pu susciter cet outil. D\u2019une part, la liste ne permet pas, en elle-m\u00eame, l\u2019\u00e9panouissement d\u2019une large communaut\u00e9 d\u2019action et de r\u00e9flexion interculturelle. Son av\u00e8nement est conditionn\u00e9 par un ensemble de pratiques auxquelles l\u2019outil technique ne pourvoit aucunement (ouverture \u00e0 l\u2019autre, r\u00e9gulation des \u00e9changes, etc.). D\u2019autre part, le recours \u00e0 une liste de diffusion \u00e9lectronique n\u2019est pas un choix neutre. L\u2019enqu\u00eate montre qu\u2019il s\u2019inscrit dans une dynamique plus vaste, caract\u00e9ris\u00e9e par l\u2019ascendant qu\u2019exerce le \u00ab monde du num\u00e9rique \u00bb (ou la \u00ab culture libre \u00bb) sur la liste. En ce sens, l\u2019article conclu sur la n\u00e9cessit\u00e9 d\u2019une r\u00e9flexivit\u00e9 accrue des commoners \u00e0 l\u2019\u00e9gard de leurs propres cadres. </p> </blockquote>\n<div>\n<div></div>\n<div><b>Engagez des conversations \u00e0 partir de l&rsquo;article : </p> \n <p> </b></div>\n<div>Le dossier<b> <a href=\"http://sens-public.org/article1383.html\" target=\"_blank\" rel=\"noopener noreferrer\" data-saferedirecturl=\"https://www.google.com/url?q=http://sens-public.org/article1383.html&amp;source=gmail&amp;ust=1569356239007000&amp;usg=AFQjCNEuPMcl7I5GrnbnZPqHGbFcgHZojg\">\u00ab\u00a0\u00c9crire les communs</a><a href=\"http://sens-public.org/article1383.html\" target=\"_blank\" rel=\"noopener noreferrer\" data-saferedirecturl=\"https://www.google.com/url?q=http://sens-public.org/article1383.html&amp;source=gmail&amp;ust=1569356239007000&amp;usg=AFQjCNEuPMcl7I5GrnbnZPqHGbFcgHZojg\">\u00ab\u00a0</a> est un espace \u00e9ditorial dynamique qui propose \u00e0 ses lecteurs de poursuivre les conversations qui ont accompagn\u00e9es son \u00e9laboration collective. Les textes publi\u00e9s sont annotables, en vue de les faire \u00e9voluer et d\u2019initier des discussions crois\u00e9es. <br /> \n</b></div>\n<div><b>\u00a0</b></div>\n<div><b>&#8211; Pour consulter les commentaires, activez l&rsquo;onglet situ\u00e9 en haut \u00e0 droite de la page <br /> \n</b></div>\n<div><b>&#8211; Pour engagez une conversation, surlignez un passage du texte que vous souhaitez commenter, l&rsquo;outil d\u2019annotation Hypothes.is s\u2019ouvre alors. </b></div>\n</div>\n<div><span id=\"m_7460489400365099208gmail-docs-internal-guid-f04eb168-7fff-efb8-8292-e6af4bbbf0a0\"><b> <br /> \n\u00c0 propos de la revue Sens Public </b>: </p> \n <p> Depuis sa cr\u00e9ation, la revue </span>Sens Public s\u2019est donn\u00e9 pour objet une analyse th\u00e9orique, philosophique et politique des changements des espaces publics dans notre soci\u00e9t\u00e9 contemporaine. En ouvrant ce dossier sur les communs, Sens Public consacre donc l\u2019id\u00e9e que la culture des communs vient modifier notre rapport et notre engagement \u00e0 ces espaces, en diversifiant nos mani\u00e8res de les fa\u00e7onner. <b>C\u2019est dans ce cadre que </b><b>Sens Public s\u2019est engag\u00e9 dans l\u2019exp\u00e9rimentation d\u2019un pour apporter un \u00e9clairage sur les nouveaux r\u00e9pertoires d\u2019action, et les formes d\u2019\u00e9criture qui les soutiennent.</b></div>\n <p> &nbsp; </p> \n <p> <img fetchpriority=\"high\" decoding=\"async\" class=\"alignnone size-medium wp-image-4710\" src=\"https://www.les-communs-dabord.org/wp-content/uploads/sites/18/2019/09/arton1412-200x300.png\" alt=\"Communs, outils num\u00e9riques et diversit\u00e9 du \u00ab mouvement \u00bb\" width=\"200\" height=\"300\" srcset=\"https://www.les-communs-dabord.org/wp-content/uploads/sites/18/2019/09/arton1412-200x300.png 200w, https://www.les-communs-dabord.org/wp-content/uploads/sites/18/2019/09/arton1412.png 283w\" sizes=\"(max-width: 639px) 98vw, (max-width: 1199px) 64vw, 200px\" /> </p> \n <p> &nbsp; </p> \n<p id=\"mct-ai-attriblink\"><strong><a href=\"http://sens-public.org/article1412.html?lang=fr\" target=\"_blank\" rel=\"noopener noreferrer\">=&gt; Article complet \u00e0 lire sur la revue sens-public.org</a></strong> </p> \n<p>Cet article <a href=\"https://www.les-communs-dabord.org/communs-outils-numeriques-et-diversite-du-mouvement/\">Communs, outils num\u00e9riques et diversit\u00e9 du \u00ab mouvement \u00bb. L\u00e9a Eynaud et Fr\u00e9d\u00e9ric Sultan</a> est apparu en premier sur <a href=\"https://www.les-communs-dabord.org\">Les Communs d&#039;Abord</a>.</p>\n",
            "content_text": "La revue Sens Public vient de publier, au sein de son dossier \u00ab\u00a0\u00c9crire les communs. Au-devant de l\u2019irr\u00e9versible\u00a0\u00bb, un article co-\u00e9crit par L\u00e9a Eynaud et Fr\u00e9d\u00e9ric Sultan intitul\u00e9 Communs, outils num\u00e9riques et diversit\u00e9 du \u00ab mouvement \u00bb, relatant d&rsquo;une enqu\u00eate ethnographique conduite entre 2015 et 2017 sur une liste de diffusion \u00e9lectronique nomm\u00e9e \u00e9changes.  \n  Inaugur\u00e9e en septembre 2012 par le R\u00e9seau francophone des biens communs (RFBC), cette liste avait pour ambition de servir d\u2019appui \u00e0 la constitution d\u2019un \u00ab mouvement des communs \u00bb, que ses initiateurs voulaient \u00ab interculturel \u00bb. Les auteurs interrogent ici le r\u00f4le effectif de l\u2019outil num\u00e9rique au regard de cet objectif d\u2019\u00ab unit\u00e9 dans la diversit\u00e9 \u00bb. D\u2019un c\u00f4t\u00e9, ils montrent que l\u2019outil num\u00e9rique a largement contribu\u00e9 au d\u00e9ploiement d\u2019un \u00ab mouvement des communs \u00bb transverse \u00e0 diff\u00e9rents champs, notamment en soutenant une large activit\u00e9 de mise en r\u00e9seau, d\u2019\u00e9change d\u2019information et de r\u00e9flexion, mais aussi en permettant \u00e0 une large communaut\u00e9 de faire l\u2019exp\u00e9rience concr\u00e8te de ce \u00ab mouvement \u00bb. D\u2019un autre c\u00f4t\u00e9, ils remettent en perspective l\u2019enthousiasme qu\u2019a pu susciter cet outil. D\u2019une part, la liste ne permet pas, en elle-m\u00eame, l\u2019\u00e9panouissement d\u2019une large communaut\u00e9 d\u2019action et de r\u00e9flexion interculturelle. Son av\u00e8nement est conditionn\u00e9 par un ensemble de pratiques auxquelles l\u2019outil technique ne pourvoit aucunement (ouverture \u00e0 l\u2019autre, r\u00e9gulation des \u00e9changes, etc.). D\u2019autre part, le recours \u00e0 une liste de diffusion \u00e9lectronique n\u2019est pas un choix neutre. L\u2019enqu\u00eate montre qu\u2019il s\u2019inscrit dans une dynamique plus vaste, caract\u00e9ris\u00e9e par l\u2019ascendant qu\u2019exerce le \u00ab monde du num\u00e9rique \u00bb (ou la \u00ab culture libre \u00bb) sur la liste. En ce sens, l\u2019article conclu sur la n\u00e9cessit\u00e9 d\u2019une r\u00e9flexivit\u00e9 accrue des commoners \u00e0 l\u2019\u00e9gard de leurs propres cadres.  \n\n\nEngagez des conversations \u00e0 partir de l&rsquo;article :  \n  \nLe dossier \u00ab\u00a0\u00c9crire les communs\u00ab\u00a0 est un espace \u00e9ditorial dynamique qui propose \u00e0 ses lecteurs de poursuivre les conversations qui ont accompagn\u00e9es son \u00e9laboration collective. Les textes publi\u00e9s sont annotables, en vue de les faire \u00e9voluer et d\u2019initier des discussions crois\u00e9es.  \n\n\u00a0\n&#8211; Pour consulter les commentaires, activez l&rsquo;onglet situ\u00e9 en haut \u00e0 droite de la page  \n\n&#8211; Pour engagez une conversation, surlignez un passage du texte que vous souhaitez commenter, l&rsquo;outil d\u2019annotation Hypothes.is s\u2019ouvre alors. \n\n  \n\u00c0 propos de la revue Sens Public :  \n  Depuis sa cr\u00e9ation, la revue Sens Public s\u2019est donn\u00e9 pour objet une analyse th\u00e9orique, philosophique et politique des changements des espaces publics dans notre soci\u00e9t\u00e9 contemporaine. En ouvrant ce dossier sur les communs, Sens Public consacre donc l\u2019id\u00e9e que la culture des communs vient modifier notre rapport et notre engagement \u00e0 ces espaces, en diversifiant nos mani\u00e8res de les fa\u00e7onner. C\u2019est dans ce cadre que Sens Public s\u2019est engag\u00e9 dans l\u2019exp\u00e9rimentation d\u2019un pour apporter un \u00e9clairage sur les nouveaux r\u00e9pertoires d\u2019action, et les formes d\u2019\u00e9criture qui les soutiennent.\n  &nbsp;  \n    \n  &nbsp;  \n=&gt; Article complet \u00e0 lire sur la revue sens-public.org  \nCet article Communs, outils num\u00e9riques et diversit\u00e9 du \u00ab mouvement \u00bb. L\u00e9a Eynaud et Fr\u00e9d\u00e9ric Sultan est apparu en premier sur Les Communs d&#039;Abord.",
            "date_published": "2019-09-17T00:12:21+02:00",
            "date_modified": "2019-09-23T22:18:24+02:00",
            "authors": [
                {
                    "name": "sylviafredriksson",
                    "url": "https://www.les-communs-dabord.org/author/sylviafredriksson/",
                    "avatar": "https://secure.gravatar.com/avatar/c3c80fa345b3cfc9801ec4af52d6ae9a?s=512&d=mm&r=g"
                }
            ],
            "author": {
                "name": "sylviafredriksson",
                "url": "https://www.les-communs-dabord.org/author/sylviafredriksson/",
                "avatar": "https://secure.gravatar.com/avatar/c3c80fa345b3cfc9801ec4af52d6ae9a?s=512&d=mm&r=g"
            },
            "image": "https://www.les-communs-dabord.org/wp-content/uploads/sites/18/2019/09/arton1412.png",
            "tags": [
                "ethnographie",
                "interculturalit\u00e9",
                "num\u00e9rique",
                "Recherches"
            ]
        }
    ]
}