{
    "version": "https://jsonfeed.org/version/1.1",
    "user_comment": "This feed allows you to read the posts from this site in any feed reader that supports the JSON Feed format. To add this feed to your reader, copy the following URL -- https://www.les-communs-dabord.org/tag/grenoble/feed/json/ -- and add it your reader.",
    "home_page_url": "https://www.les-communs-dabord.org/tag/grenoble/",
    "feed_url": "https://www.les-communs-dabord.org/tag/grenoble/feed/json/",
    "language": "fr-FR",
    "title": "Grenoble Archives - Les Communs d&#039;Abord",
    "description": "le media des communs",
    "icon": "https://www.les-communs-dabord.org/wp-content/uploads/sites/18/2016/07/favicon-lcd.png",
    "items": [
        {
            "id": "https://www.les-communs-dabord.org/?p=6415",
            "url": "https://www.les-communs-dabord.org/principes-pour-une-administration-cooperative-grenoble-28-mars-2022/",
            "title": "Principes pour une administration coope\u0301rative (Grenoble, 28 mars 2022)",
            "content_html": "<p><strong>Le lundi 28 mars 2022, le <a href=\"https://www.grenoble.fr/30-vie-municipale.htm\">conseil municipal de Grenoble</a> a d\u00e9lib\u00e9r\u00e9 et valid\u00e9 des <a href=\"https://drive.google.com/file/d/1hQQf-Aru2qQRK9feSdoLhzd12wcy3hi5/view?usp=sharing\">principes pour une administration coop\u00e9rative</a> pr\u00e9sent\u00e9s par <a href=\"https://twitter.com/CommunsVdG/status/1509835477586698241\">Anne-Sophie Olmos</a>, dans la perspective d&rsquo;une politique de d\u00e9mocratie plus contributive, en s\u2019appuyant sur la notion des communs et sur les <a href=\"https://politiquesdescommuns.cc/outils/collaboration\">exemples italiens des pactes de collaboration</a>.</strong></p>\n<p>&nbsp;</p>\n<blockquote><p>Ces principes ouvrent \u00e0 des collectifs informels la possibilit\u00e9 de contribuer, de prendre soin de la ville et engage \u00e0 transformer l\u2019administration vers plus d\u2019ouverture et d\u2019horizontalit\u00e9, \u00e0 d\u00e9velopper le pouvoir d\u2019agir des citoyen.ne.s tout en rendant possible (juridiquement notamment) ces nouveaux partenariats &#8211;<strong>Xavier PERRIN, </strong><em>Mission Aide au pilotage. </em><em>Directeur de projet \u00ab\u00a0 Communs \u00bb, </em>Ville de Grenoble.</p></blockquote>\n<p>&nbsp;</p>\n<p>La d\u00e9lib\u00e9ration du Conseil Municipal de Grenoble et ses annexes sont consultables <a href=\"http://d\u00e9lib\u00e9ration d\u00e9sormais ex\u00e9cutoire et ses annexes. Bon essaimage dans les villes et les campagnes\u2026 https://drive.google.com/file/d/1hQQf-Aru2qQRK9feSdoLhzd12wcy3hi5/view?usp=sharing\">via ce lien</a>.</p>\n<p>&nbsp;</p>\n<p><strong>Extrait de la s\u00e9ance du 28 mars</strong></p>\n<ul>\n<li><strong>\u00ab\u00a0MUNICIPALISME / COMMUNS : Principes pour une administration coop\u00e9rative (&#8230;)</strong></li>\n<li>La d\u00e9mocratie coop\u00e9rative consiste \u00e0 proposer aux personnes d\u2019agir concr\u00e8tement en modifiant leur cadre de vie et les services publics, les consid\u00e9rant comme un\u00b7e acteur\u00b7trice \u00e0 part enti\u00e8re, \u00e0 l\u2019initiative de solutions possibles.\n<ul>\n<li>La coop\u00e9ration implique une entente entre les parties prenantes qui d\u00e9passe les notions de client\u00b7e ou b\u00e9n\u00e9ficiaire, au profit d\u2019une participation active en vue d\u2019un projet commun. (&#8230;)</li>\n</ul>\n</li>\n<li>Aujourd\u2019hui, l\u2019\u00e9quipe municipale a pour projet d\u2019aller plus loin dans le partage de la culture commune de la participation et propose d\u2019enrichir le r\u00e9f\u00e9rentiel, (&#8230;)\u00a0de principes transversaux et de nouveaux outils, permettant \u00e0 chacune et chacun d\u2019\u00eatre associ\u00e9\u00b7e \u00e0 la mise en \u0153uvre des politiques publiques locales et d\u2019\u00eatre acteur\u00b7trice des transitions.\u00a0\u00bb</li>\n</ul>\n<p><strong>Voici en r\u00e9sum\u00e9 les principes adopt\u00e9s pour une administration coop\u00e9rative</strong></p>\n<ul>\n<li><strong>Principe de coop\u00e9ration</strong>\n<ul>\n<li>La ville se donne comme objectif de transformer les biens communs dont elle a la charge en \u00ab\u00a0communs\u00a0\u00bb, et ce, en ouvrant leur gouvernance \u00e0 l&rsquo;ensemble des parties prenantes.</li>\n<li>La ville cherche \u00e0 \u00eatre plus ouverte \u00e0 la coop\u00e9ration avec les citoyen\u00b7nes et \u00e0 pr\u00e9venir toute forme de privatisation des biens communs.</li>\n<li>La ville va proposer diff\u00e9rents dispositifs pour permettre aux habitant\u00b7es de d\u00e9terminer les enjeux sur lesquels iels d\u00e9sirent intervenir et coop\u00e9rer en commun.</li>\n<li>Les modalit\u00e9s de gestion de cette gestion commune seront d\u00e9termin\u00e9es au cas par cas dans une approche\u00a0<em>ad hoc</em>.</li>\n</ul>\n</li>\n<li><strong>Principe d&rsquo;accessibilit\u00e9 et d&rsquo;accompagnement au pouvoir d&rsquo;agir</strong>\n<ul>\n<li><strong>\u200b</strong>La ville s&rsquo;engage \u00e0 informer et \u00e0 accompagner de fa\u00e7on transparente\u00a0les habitant\u00b7es sur les dispositifs mis en place pour faciliter leur participation.</li>\n<li>La ville s&rsquo;engage \u00e0 adapter les dispositifs pour que le plus grand nombre puisse y acc\u00e9der.</li>\n</ul>\n</li>\n<li><strong>Principe de\u00a0valorisation de l&rsquo;expertise\u00a0citoyenne</strong>\n<ul>\n<li>La ville souhaite valoriser et prot\u00e9ger\u00a0l&rsquo;implication des habitant\u00b7es.</li>\n<li>La ville proposera la signature d&rsquo;un \u00ab\u00a0pacte de coop\u00e9ration\u00a0\u00bb qui pr\u00e9cisera les modalit\u00e9s de coop\u00e9ration et les responsabilit\u00e9s individuelles et collectives.</li>\n<li>La ville remettra un certificat attestant la contribution des personnes impliqu\u00e9es.</li>\n</ul>\n</li>\n<li><strong>Principe d&rsquo;innovation juridique</strong>\n<ul>\n<li>La ville souhaite cr\u00e9er des outils juridiques pour permettre l&rsquo;implication de toute personne volontaire.</li>\n</ul>\n</li>\n<li><strong>Principe d&rsquo;administration coop\u00e9rative</strong>\n<ul>\n<li>La ville mettra en oeuvre une gouvernance coop\u00e9rative et horizontale o\u00f9 \u00e9lu\u00b7es, agent\u00b7es et habitant\u00b7es \u00e9crirons ensemble leur \u00ab\u00a0municipalit\u00e9 en commun\u00a0\u00bb.</li>\n<li>La ville diffusera la pratique de\u00a0\u00ab\u00a0commoning\u00a0\u00bb au sein des services de son administration.</li>\n</ul>\n</li>\n<li><strong>Principe de contribution</strong>\n<ul>\n<li>La participation citoyenne et les initiatives viendront\u00a0compl\u00e9ter l&rsquo;action de l&rsquo;administration publique sans s&rsquo;y substituer.</li>\n</ul>\n</li>\n<li><strong>Principe de respect des communs</strong>\n<ul>\n<li>Par la mise en place de ces diff\u00e9rents dispositifs, la ville cr\u00e9e un terrain favorable aux communs.</li>\n<li>La ville s&rsquo;engage \u00e0 mettre en synergie\u00a0les initiatives et des communs qui croisent ses comp\u00e9tences municipales.</li>\n</ul>\n</li>\n</ul>\n<p>Cet article <a href=\"https://www.les-communs-dabord.org/principes-pour-une-administration-cooperative-grenoble-28-mars-2022/\">Principes pour une administration coope\u0301rative (Grenoble, 28 mars 2022)</a> est apparu en premier sur <a href=\"https://www.les-communs-dabord.org\">Les Communs d&#039;Abord</a>.</p>\n",
            "content_text": "Le lundi 28 mars 2022, le conseil municipal de Grenoble a d\u00e9lib\u00e9r\u00e9 et valid\u00e9 des principes pour une administration coop\u00e9rative pr\u00e9sent\u00e9s par Anne-Sophie Olmos, dans la perspective d&rsquo;une politique de d\u00e9mocratie plus contributive, en s\u2019appuyant sur la notion des communs et sur les exemples italiens des pactes de collaboration.\n&nbsp;\nCes principes ouvrent \u00e0 des collectifs informels la possibilit\u00e9 de contribuer, de prendre soin de la ville et engage \u00e0 transformer l\u2019administration vers plus d\u2019ouverture et d\u2019horizontalit\u00e9, \u00e0 d\u00e9velopper le pouvoir d\u2019agir des citoyen.ne.s tout en rendant possible (juridiquement notamment) ces nouveaux partenariats &#8211;Xavier PERRIN, Mission Aide au pilotage. Directeur de projet \u00ab\u00a0 Communs \u00bb, Ville de Grenoble.\n&nbsp;\nLa d\u00e9lib\u00e9ration du Conseil Municipal de Grenoble et ses annexes sont consultables via ce lien.\n&nbsp;\nExtrait de la s\u00e9ance du 28 mars\n\n\u00ab\u00a0MUNICIPALISME / COMMUNS : Principes pour une administration coop\u00e9rative (&#8230;)\nLa d\u00e9mocratie coop\u00e9rative consiste \u00e0 proposer aux personnes d\u2019agir concr\u00e8tement en modifiant leur cadre de vie et les services publics, les consid\u00e9rant comme un\u00b7e acteur\u00b7trice \u00e0 part enti\u00e8re, \u00e0 l\u2019initiative de solutions possibles.\n\nLa coop\u00e9ration implique une entente entre les parties prenantes qui d\u00e9passe les notions de client\u00b7e ou b\u00e9n\u00e9ficiaire, au profit d\u2019une participation active en vue d\u2019un projet commun. (&#8230;)\n\n\nAujourd\u2019hui, l\u2019\u00e9quipe municipale a pour projet d\u2019aller plus loin dans le partage de la culture commune de la participation et propose d\u2019enrichir le r\u00e9f\u00e9rentiel, (&#8230;)\u00a0de principes transversaux et de nouveaux outils, permettant \u00e0 chacune et chacun d\u2019\u00eatre associ\u00e9\u00b7e \u00e0 la mise en \u0153uvre des politiques publiques locales et d\u2019\u00eatre acteur\u00b7trice des transitions.\u00a0\u00bb\n\nVoici en r\u00e9sum\u00e9 les principes adopt\u00e9s pour une administration coop\u00e9rative\n\nPrincipe de coop\u00e9ration\n\nLa ville se donne comme objectif de transformer les biens communs dont elle a la charge en \u00ab\u00a0communs\u00a0\u00bb, et ce, en ouvrant leur gouvernance \u00e0 l&rsquo;ensemble des parties prenantes.\nLa ville cherche \u00e0 \u00eatre plus ouverte \u00e0 la coop\u00e9ration avec les citoyen\u00b7nes et \u00e0 pr\u00e9venir toute forme de privatisation des biens communs.\nLa ville va proposer diff\u00e9rents dispositifs pour permettre aux habitant\u00b7es de d\u00e9terminer les enjeux sur lesquels iels d\u00e9sirent intervenir et coop\u00e9rer en commun.\nLes modalit\u00e9s de gestion de cette gestion commune seront d\u00e9termin\u00e9es au cas par cas dans une approche\u00a0ad hoc.\n\n\nPrincipe d&rsquo;accessibilit\u00e9 et d&rsquo;accompagnement au pouvoir d&rsquo;agir\n\n\u200bLa ville s&rsquo;engage \u00e0 informer et \u00e0 accompagner de fa\u00e7on transparente\u00a0les habitant\u00b7es sur les dispositifs mis en place pour faciliter leur participation.\nLa ville s&rsquo;engage \u00e0 adapter les dispositifs pour que le plus grand nombre puisse y acc\u00e9der.\n\n\nPrincipe de\u00a0valorisation de l&rsquo;expertise\u00a0citoyenne\n\nLa ville souhaite valoriser et prot\u00e9ger\u00a0l&rsquo;implication des habitant\u00b7es.\nLa ville proposera la signature d&rsquo;un \u00ab\u00a0pacte de coop\u00e9ration\u00a0\u00bb qui pr\u00e9cisera les modalit\u00e9s de coop\u00e9ration et les responsabilit\u00e9s individuelles et collectives.\nLa ville remettra un certificat attestant la contribution des personnes impliqu\u00e9es.\n\n\nPrincipe d&rsquo;innovation juridique\n\nLa ville souhaite cr\u00e9er des outils juridiques pour permettre l&rsquo;implication de toute personne volontaire.\n\n\nPrincipe d&rsquo;administration coop\u00e9rative\n\nLa ville mettra en oeuvre une gouvernance coop\u00e9rative et horizontale o\u00f9 \u00e9lu\u00b7es, agent\u00b7es et habitant\u00b7es \u00e9crirons ensemble leur \u00ab\u00a0municipalit\u00e9 en commun\u00a0\u00bb.\nLa ville diffusera la pratique de\u00a0\u00ab\u00a0commoning\u00a0\u00bb au sein des services de son administration.\n\n\nPrincipe de contribution\n\nLa participation citoyenne et les initiatives viendront\u00a0compl\u00e9ter l&rsquo;action de l&rsquo;administration publique sans s&rsquo;y substituer.\n\n\nPrincipe de respect des communs\n\nPar la mise en place de ces diff\u00e9rents dispositifs, la ville cr\u00e9e un terrain favorable aux communs.\nLa ville s&rsquo;engage \u00e0 mettre en synergie\u00a0les initiatives et des communs qui croisent ses comp\u00e9tences municipales.\n\n\n\nCet article Principes pour une administration coope\u0301rative (Grenoble, 28 mars 2022) est apparu en premier sur Les Communs d&#039;Abord.",
            "date_published": "2022-04-04T17:49:22+02:00",
            "date_modified": "2022-04-04T23:00:09+02:00",
            "authors": [
                {
                    "name": "sylviafredriksson",
                    "url": "https://www.les-communs-dabord.org/author/sylviafredriksson/",
                    "avatar": "https://secure.gravatar.com/avatar/b789251818587c57a91c729cf5e713a8ec7c93ca7260aebba091f19c2243ab6f?s=512&d=mm&r=g"
                }
            ],
            "author": {
                "name": "sylviafredriksson",
                "url": "https://www.les-communs-dabord.org/author/sylviafredriksson/",
                "avatar": "https://secure.gravatar.com/avatar/b789251818587c57a91c729cf5e713a8ec7c93ca7260aebba091f19c2243ab6f?s=512&d=mm&r=g"
            },
            "image": "https://www.les-communs-dabord.org/wp-content/uploads/sites/18/2022/04/FO88lwAXIAAgFXT.jpg",
            "tags": [
                "droit administratif des biens communs",
                "Grenoble",
                "politiques municipales",
                "Actualit\u00e9s"
            ]
        },
        {
            "id": "https://www.les-communs-dabord.org/?p=6144",
            "url": "https://www.les-communs-dabord.org/6eme-assemblee-des-communs-de-grenoble-25-mars-2022-grenoble/",
            "title": "6\u00e8me Assembl\u00e9e des Communs de Grenoble (25 Mars 2022, Grenoble)",
            "content_html": "<p><span style=\"font-family: Arial, sans-serif\"><span style=\"font-size: large\"><b>Organisation de la 6\u00e8me Assembl\u00e9e des Communs de Grenoble</b></span></span></p>\n<p><span style=\"font-family: Arial, sans-serif\"><span style=\"font-size: medium\">Nous invitons l&rsquo;ensemble des commoneurs-euses de la r\u00e9gion a particip\u00e9 \u00e0 la <b>6\u00e8me Assembl\u00e9e des Communs de Grenoble le 25 Mars 2022</b> de 18h \u00e0 20h (\u00e0 la MNEI\u00a0</span></span><span style=\"font-family: Arial, sans-serif\"><span style=\"font-size: medium\"> 5 Pl. Bir Hakeim, 38000 Grenoble ).<br />\n</span></span></p>\n<p><span style=\"font-family: Arial, sans-serif\"><span style=\"font-size: medium\">Plusieurs sujets sont d\u00e9j\u00e0 au programme\u00a0:</span></span></p>\n<ul>\n<li><span style=\"font-family: Arial, sans-serif\"><span style=\"font-size: medium\">Pr\u00e9sentation des <b>Chartes des Communs</b> </span></span></li>\n<li><span style=\"font-family: Arial, sans-serif\"><span style=\"font-size: medium\"><b>\u00ab Maison des Communs \u00bb</b> au Budget Participatif (Forum le 26 mars)</span></span></li>\n<li><span style=\"font-family: Arial, sans-serif\"><span style=\"font-size: medium\">Les<b> Communs de l&rsquo;Alimentation</b></span></span></li>\n<li><span style=\"font-family: Arial, sans-serif\"><span style=\"font-size: medium\">Projet Relocalisons<br />\n</span></span></li>\n<li><span style=\"font-family: Arial, sans-serif\"><span style=\"font-size: medium\">Organisation d&rsquo;un <b>\u00e9v\u00e9nement sur les communs</b> en novembre 2022</span></span></li>\n</ul>\n<p align=\"left\"><span style=\"font-size: medium\"><span style=\"font-family: Arial, sans-serif\">Si vous avez des propositions \u00e0 ajouter, n&rsquo;h\u00e9sitez pas \u00e0 envoyer votre message \u00e0 </span></span><span style=\"color: #000000\"><span style=\"font-family: Arial, sans-serif\"><span style=\"font-size: large\"><a href=\"mailto:assembleedescommunsgrenoble@zaclys.net\" target=\"_blank\" rel=\"noopener\"><span style=\"font-size: medium\">assembleedescommunsgrenoble@zaclys.net</span></a></span></span></span></p>\n<p><span style=\"font-size: xx-large\"><strong><span style=\"font-family: arial, helvetica, sans-serif;font-size: 12pt\"><a href=\"https://nuage-villeneuve.rio20.net/index.php/s/yWGW5NxwPHoA5Sa\" target=\"_blank\" rel=\"noopener\" data-saferedirecturl=\"https://www.google.com/url?q=https://nuage-villeneuve.rio20.net/index.php/s/yWGW5NxwPHoA5Sa&amp;source=gmail&amp;ust=1644678433108000&amp;usg=AOvVaw3LM4qMU6ZEedrGrzcgRC56\">Lettre d&rsquo;info de l&rsquo;Assembl\u00e9e des Communs de Grenoble</a> </span></strong><br />\n</span></p>\n<p><img fetchpriority=\"high\" decoding=\"async\" class=\"alignnone wp-image-6145 size-full\" src=\"https://www.les-communs-dabord.org/wp-content/uploads/sites/18/2022/02/800px-Assemble\u0301e_des_communs_de_Grenoble.jpg\" alt=\"\" width=\"800\" height=\"600\" srcset=\"https://www.les-communs-dabord.org/wp-content/uploads/sites/18/2022/02/800px-Assemble\u0301e_des_communs_de_Grenoble.jpg 800w, https://www.les-communs-dabord.org/wp-content/uploads/sites/18/2022/02/800px-Assemble\u0301e_des_communs_de_Grenoble-300x225.jpg 300w, https://www.les-communs-dabord.org/wp-content/uploads/sites/18/2022/02/800px-Assemble\u0301e_des_communs_de_Grenoble-768x576.jpg 768w, https://www.les-communs-dabord.org/wp-content/uploads/sites/18/2022/02/800px-Assemble\u0301e_des_communs_de_Grenoble-600x450.jpg 600w, https://www.les-communs-dabord.org/wp-content/uploads/sites/18/2022/02/800px-Assemble\u0301e_des_communs_de_Grenoble-640x480.jpg 640w\" sizes=\"(max-width: 639px) 98vw, (max-width: 1199px) 64vw, 770px\" /></p>\n<p>&nbsp;</p>\n<p align=\"JUSTIFY\"><span style=\"font-family: Arial, sans-serif\"><span style=\"font-size: large\"><span style=\"font-size: medium\">Voici quelques nouvelles sur les communs sur le territoire de l&rsquo;agglom\u00e9ration grenobloise pour informer sur les projets mis en place depuis la <a href=\"https://www.grenoble.fr/agendaRCM/86510/2278-5eme-assemblee-des-communs-de-grenoble.htm\" target=\"_blank\" rel=\"noopener\" data-saferedirecturl=\"https://www.google.com/url?q=https://www.grenoble.fr/agendaRCM/86510/2278-5eme-assemblee-des-communs-de-grenoble.htm&amp;source=gmail&amp;ust=1644678433108000&amp;usg=AOvVaw0ruv0JX2xxON87sOh1B1ep\">cinqui\u00e8me assembl\u00e9e des communs de Grenoble</a> et dans la perspective de la sixi\u00e8me assembl\u00e9e des communs</span><span style=\"font-size: medium\">.</span></span></span></p>\n<p>&nbsp;</p>\n<p align=\"JUSTIFY\"><span style=\"font-family: Arial, sans-serif\"><span style=\"font-size: large\"><b>Chartes des Communs</b> </span></span></p>\n<p align=\"JUSTIFY\"><span style=\"font-family: Arial, sans-serif\"><span style=\"font-size: medium\">La mission des communs de la ville de Grenoble a engag\u00e9 un travail d&rsquo;\u00e9criture d&rsquo;une charte des communs pour renforcer les coop\u00e9rations entre les citoyens et l&rsquo;administration locale. Cette charte sera pr\u00e9sent\u00e9e lors de la prochaine assembl\u00e9e des communs au printemps 2022 avant d&rsquo;\u00eatre adopt\u00e9 par le conseil municipal. Le service d\u00e9mocratie locale de la ville de Grenoble a pris une part active pour favoriser les liens avec le budget participatif, les chantiers ouverts au public et d&rsquo;autres initiatives public-communs.</span></span></p>\n<p align=\"JUSTIFY\"><span style=\"font-family: Arial, sans-serif\"><span style=\"font-size: medium\">Le mandat d\u00e9fini par la cinqui\u00e8me assembl\u00e9e des communs \u00e9tait d&rsquo;\u00e9largir la charte des communs au del\u00e0 des seules relations avec l&rsquo;administration municipale. Un formulaire a \u00e9t\u00e9 r\u00e9dig\u00e9 pour mieux conna\u00eetre les chartes des communs qui existent en Europe. Il sera diffus\u00e9 dans les r\u00e9seaux europ\u00e9ens en vue de pr\u00e9sent\u00e9 les premi\u00e8res r\u00e9ponses lors de la prochaine assembl\u00e9e. Voir le formulaire\u00a0: <a href=\"https://framaforms.org/common-assemblies-europe-1633354951\" target=\"_blank\" rel=\"noopener\" data-saferedirecturl=\"https://www.google.com/url?q=https://framaforms.org/common-assemblies-europe-1633354951&amp;source=gmail&amp;ust=1644678433108000&amp;usg=AOvVaw31gwt6VYwuzSU_KaqXv9ii\">https://framaforms.org/common-assemblies-europe-1633354951</a></span></span></p>\n<p align=\"JUSTIFY\"><span style=\"font-family: Arial, sans-serif\"><span style=\"font-size: medium\">Nous souhaitons \u00e9galement lancer un appel \u00e0 des chercheurs qui seraient int\u00e9ress\u00e9s pour accompagner ce processus d&rsquo;enqu\u00eate et de recherche-action. </span></span></p>\n<p align=\"JUSTIFY\"><span style=\"font-family: Arial, sans-serif\"><span style=\"font-size: medium\"><a href=\"mailto:assembleedescommunsgrenoble@zaclys.net\" target=\"_blank\" rel=\"noopener\">assembleedescommunsgrenoble@zaclys.net</a></span></span></p>\n<p align=\"JUSTIFY\">\n<p align=\"JUSTIFY\">\n<p align=\"JUSTIFY\"><span style=\"font-family: Arial, sans-serif\"><span style=\"font-size: large\"><b>Les communs de l&rsquo;alimentation\u00a0</b></span></span></p>\n<p align=\"JUSTIFY\"><span style=\"font-family: Arial, sans-serif\"><span style=\"font-size: medium\">Plusieurs d\u00e9marches ont \u00e9t\u00e9 lanc\u00e9es pour renforcer les communs de l&rsquo;alimentation \u00e0 l&rsquo;\u00e9chelle du Plan Alimentaire Inter-territorial (PAIT). </span></span></p>\n<p align=\"JUSTIFY\"><span style=\"font-family: Arial, sans-serif\"><span style=\"font-size: medium\">Plusieurs associations de Grenoble participe \u00e0 la </span></span><span style=\"font-family: Arial, sans-serif\"><span style=\"font-size: medium\"><b>Caravane pour le Droit \u00e0 l&rsquo;Alimentation</b></span></span><span style=\"color: #111111\"><span style=\"font-family: Arial, sans-serif\"><span style=\"font-size: medium\"> qui a pour objectif de contribuer \u00e0 l\u2019acc\u00e8s \u00e0 une alimentation locale de qualit\u00e9 en partant des besoins et comp\u00e9tences des habitant. </span></span></span></p>\n<p align=\"JUSTIFY\"><span style=\"color: #111111\"><span style=\"font-family: Arial, sans-serif\"><span style=\"font-size: medium\">La caravane pour le Droit \u00e0 l\u2019alimentation souhaite contribuer \u00e0 favoriser l\u2019\u00e9mergence d\u2019activit\u00e9s \u00e9conomiques autour de l\u2019alimentation et renforcer les besoins de formation </span></span></span><span style=\"font-family: Arial, sans-serif\">\u00e0 travers trois modalit\u00e9s : </span><span style=\"font-family: Arial, sans-serif\"><span style=\"font-size: medium\">le projet des </span></span><strong><span style=\"font-family: Arial, sans-serif\"><span style=\"font-size: medium\">caddies solidaires</span></span></strong><span style=\"font-family: Arial, sans-serif\"><span style=\"font-size: medium\"> pour r\u00e9inventer les distributions alimentaires et l\u2019acc\u00e8s \u00e0 une alimentation locale de qualit\u00e9, la mise \u00e0 disposition </span></span><strong><span style=\"font-family: Arial, sans-serif\"><span style=\"font-size: medium\">d\u2019un triporteur partag\u00e9</span></span></strong><span style=\"font-family: Arial, sans-serif\"><span style=\"font-size: medium\"> d\u00e9di\u00e9 \u00e0 la logistique alimentaire de proximit\u00e9 et </span></span><strong><span style=\"font-family: Arial, sans-serif\"><span style=\"font-size: medium\">une remorque \u00ab\u00a0Food Truck\u00a0Solidaire</span></span></strong><span style=\"font-family: Arial, sans-serif\"><span style=\"font-size: medium\"> (FTS)\u00bb pour cuisiner, transformer et distribuer des produits locaux lors d\u2019ateliers organis\u00e9s dans l\u2019espace public (disponible \u00e0 partir de Juin 2022). </span></span></p>\n<p align=\"JUSTIFY\"><span style=\"font-family: Arial, sans-serif\"><span style=\"font-size: medium\">La premi\u00e8re \u00e9dition de la caravane se terminera le 11 f\u00e9vrier par une distribution et d\u00e9gustation de produits locaux de qualit\u00e9 de 16h \u00e0 18h sur la Place des G\u00e9ants </span></span><strong><span style=\"font-family: Arial, sans-serif\"><span style=\"font-size: medium\"> (devant le 50 Place des G\u00e9ants). Une seconde caravane est pr\u00e9vue du 5 au 15 avril 2022. </span></span></strong><span style=\"font-family: Arial, sans-serif\"><span style=\"font-size: medium\">Plus d&rsquo;infos\u00a0: planning(a)<a href=\"http://zaclys.net\" target=\"_blank\" rel=\"noopener\" data-saferedirecturl=\"https://www.google.com/url?q=http://zaclys.net&amp;source=gmail&amp;ust=1644678433108000&amp;usg=AOvVaw2TA2da2ZvFcgWMbi1-Vy9a\">zaclys.net</a> <a href=\"https://caravane-alimentation.multisite.rio20.net/\" target=\"_blank\" rel=\"noopener\" data-saferedirecturl=\"https://www.google.com/url?q=https://caravane-alimentation.multisite.rio20.net/&amp;source=gmail&amp;ust=1644678433108000&amp;usg=AOvVaw3uL6MffVjr-vNI60FU-Gza\">https://caravane-alimentation.multisite.rio20.net/</a></span></span></p>\n<p align=\"JUSTIFY\">\n<p align=\"JUSTIFY\">\n<p align=\"JUSTIFY\"><span style=\"font-family: Arial, sans-serif\"><span style=\"font-size: large\"><b>La maison des communs au budget participatif</b></span></span></p>\n<p align=\"JUSTIFY\"><span style=\"font-family: Arial, sans-serif\"><span style=\"font-size: medium\">La <b>Maison des Communs \u00e0 Grenoble </b>est un projet d\u00e9pos\u00e9 pour le 7\u00e8me \u00e9dition du Budget Participatif de Grenoble. L&rsquo;objectif est de cr\u00e9er un lieu ressource pour tous les habitants et les associations qui veulent pr\u00e9server, d\u00e9velopper ou cr\u00e9er les communs. Sa forme et localisation qui restent encore \u00e0 d\u00e9finir lors de la prochaine assembl\u00e9e mais elle pourra \u00eatre situ\u00e9e \u00e0 proximit\u00e9 d&rsquo;un b\u00e2timent existant et ouvert sur l&rsquo;espace public. Au d\u00e9marrage, la Maison des Communs fonctionnera comme une mat\u00e9riauth\u00e8que ou une outilth\u00e8que puis aura vocation \u00e0 d\u00e9velopper d&rsquo;autres ressources communes, en fonction des besoins des habitants et associations. Lrs de la prochaine assembl\u00e9e des communs, nous pr\u00e9senterons les \u00e9changes avec le service d\u00e9mocratie participative et d\u00e9cideront ensemble des orientations \u00e0 donner \u00e0 ce projet.</span></span></p>\n<p align=\"JUSTIFY\"><span style=\"font-family: Arial, sans-serif\"><span style=\"font-size: medium\">La Maison des Communs sera pr\u00e9sent\u00e9e lors du prochain forum se d\u00e9roulera<b> le 26 mars 2022 \u00e0 l&rsquo;h\u00f4tel de Ville de Grenoble.</b> Plus d&rsquo;infos\u00a0: <a href=\"https://www.grenoble.fr/552-budget-participatif.htm\" target=\"_blank\" rel=\"noopener\" data-saferedirecturl=\"https://www.google.com/url?q=https://www.grenoble.fr/552-budget-participatif.htm&amp;source=gmail&amp;ust=1644678433108000&amp;usg=AOvVaw1C1C_SpxWQTpfshW64YnSr\">https://www.grenoble.fr/552-budget-participatif.htm</a></span></span></p>\n<p align=\"JUSTIFY\">\n<p align=\"JUSTIFY\">\n<p align=\"JUSTIFY\"><span style=\"font-family: Arial, sans-serif\"><span style=\"font-size: large\"><b>La Villeneuve\u00a0: f\u00eatons les 50 ans de ce patrimoine commun\u00a0</b></span></span></p>\n<p align=\"JUSTIFY\"><span style=\"font-family: Arial, sans-serif\"><span style=\"font-size: medium\">Vous vous souvenez que Jonathan Duran Folco disait que la <b>Villeneuve \u00e9tait le plus grand commun urbain de Grenoble</b> comparant l&rsquo;ampleur de ce projet avec Milton Parc \u00e0 Montr\u00e9al ? A l&rsquo;occasion des 50 ans de la Villeneuve, un comit\u00e9 d&rsquo;organisation propose d&rsquo;organiser des \u00e9v\u00e8nements festifs et participatifs de Juin 2022 \u00e0 Juin 2023. </span></span></p>\n<p align=\"JUSTIFY\"><span style=\"font-family: Arial, sans-serif\"><span style=\"font-size: medium\">En s&rsquo;inspirant des exp\u00e9riences pr\u00e9sent\u00e9es par l&rsquo;Hotel du Nord \u00e0 Marseille, l&rsquo;Atelier Populaire d&rsquo;Urbanisme (APU) propose d&rsquo;envisager ensemble des initiatives sur le \u00ab\u00a0patrimoine en commun\u00a0\u00bb\u00a0de la Villeneuve et des liens avec la <a href=\"https://www.coe.int/fr/web/culture-and-heritage/faro-action-plan\" target=\"_blank\" rel=\"noopener\" data-saferedirecturl=\"https://www.google.com/url?q=https://www.coe.int/fr/web/culture-and-heritage/faro-action-plan&amp;source=gmail&amp;ust=1644678433108000&amp;usg=AOvVaw2FjLGl3jaY7N9wRBa_tiN_\">convention de Faro </a>lors des prochaines journ\u00e9es du patrimoine qui se d\u00e9roulera le 17 et 18 septembre 2022.</span></span></p>\n<p align=\"JUSTIFY\"><span style=\"font-family: Arial, sans-serif\"><span style=\"font-size: medium\">Plus d&rsquo;infos\u00a0sur les 50 ans : <a href=\"https://www.lecrieur.net/en-route-vers-les-50-ans-de-la-villeneuve/\" target=\"_blank\" rel=\"noopener\" data-saferedirecturl=\"https://www.google.com/url?q=https://www.lecrieur.net/en-route-vers-les-50-ans-de-la-villeneuve/&amp;source=gmail&amp;ust=1644678433108000&amp;usg=AOvVaw19-A8FJOboiyUMCga1FspU\">https://www.lecrieur.net/en-route-vers-les-50-ans-de-la-villeneuve/</a></span></span></p>\n<p>&nbsp;</p>\n<p><span style=\"font-family: Arial, sans-serif\"><span style=\"font-size: large\"><b>Un \u00e9v\u00e8nement sur les communs \u00e0 l&rsquo;automne 2022\u00a0?</b></span></span></p>\n<p><span style=\"font-family: Arial, sans-serif\"><span style=\"font-size: medium\">Lors de l&rsquo;assembl\u00e9e des Communs de Marseile organis\u00e9e en Novembre 2021, une proposition a \u00e9t\u00e9 formul\u00e9e d&rsquo;organiser une nouvelle assembl\u00e9e \u00e0 Grenoble. </span></span></p>\n<p><span style=\"font-family: Arial, sans-serif\"><span style=\"font-size: medium\">L&rsquo;intention de cette nouvelle rencontre serait de partager des exp\u00e9riences, des outils et des strat\u00e9gies sur les communs \u00e0 partir de th\u00e9matiques <span style=\"color: #000000\"> (communs fonciers, soin et sant\u00e9, communs urbains, alimentation&#8230;) et des enjeux politiques.</span></span></span></p>\n<p><span style=\"color: #000000\"><span style=\"font-family: Arial, sans-serif\"><span style=\"font-size: medium\">Ce serait une occasion de venir d\u00e9couvrir les communs de Grenoble \u00e0 travers diverses balades organis\u00e9s dans la ville et les alentours. </span></span></span></p>\n<p><span style=\"color: #000000\"><span style=\"font-family: Arial, sans-serif\"><span style=\"font-size: medium\">Nous proposons de discuter cette proposition lors de la prochaine assembl\u00e9e et de lancer un comit\u00e9 de pr\u00e9paration avec une proposition de date pour le 11, 12, 13 Novembre. </span></span></span></p>\n<p align=\"JUSTIFY\"><span style=\"font-family: Arial, sans-serif\"><span style=\"font-size: medium\">Si vous souhaitez proposer des id\u00e9es \u00a0: </span></span></p>\n<p align=\"JUSTIFY\"><span style=\"color: #000000\"> <span style=\"font-family: Arial, sans-serif\"><span style=\"font-size: large\"><span style=\"font-size: medium\"><a href=\"mailto:assembleedescommunsgrenoble@zaclys.net\" target=\"_blank\" rel=\"noopener\">assembleedescommunsgrenoble@zaclys.net</a></span></span></span></span></p>\n<p align=\"center\"><span style=\"color: #000000\"><span style=\"font-family: Arial, sans-serif\"><span style=\"font-size: medium\">Plus d&rsquo;infos</span></span></span></p>\n<p align=\"CENTER\"><span style=\"color: #000000\"><span style=\"font-family: Arial, sans-serif\"><span style=\"font-size: large\"><a href=\"https://wiki.lescommuns.org/wiki/Grenoble\" target=\"_blank\" rel=\"noopener\" data-saferedirecturl=\"https://www.google.com/url?q=https://wiki.lescommuns.org/wiki/Grenoble&amp;source=gmail&amp;ust=1644678433108000&amp;usg=AOvVaw251Eu_zyxvzxTF2DsBH6qt\"><span style=\"font-size: x-large\">https://wiki.lescommuns.org/wiki/Grenoble</span></a></span></span></span></p>\n<p align=\"CENTER\"><span style=\"color: #000000\"><span style=\"font-family: Arial, sans-serif\"><span style=\"font-size: large\"><a href=\"mailto:assembleedescommunsgrenoble@zaclys.net\" target=\"_blank\" rel=\"noopener\"><span style=\"font-size: medium\">assembleedescommunsgrenoble@zaclys.net</span></a></span></span></span></p>\n<p><span id=\"more-6144\"></span></p>\n<p>Cet article <a href=\"https://www.les-communs-dabord.org/6eme-assemblee-des-communs-de-grenoble-25-mars-2022-grenoble/\">6\u00e8me Assembl\u00e9e des Communs de Grenoble (25 Mars 2022, Grenoble)</a> est apparu en premier sur <a href=\"https://www.les-communs-dabord.org\">Les Communs d&#039;Abord</a>.</p>\n",
            "content_text": "Organisation de la 6\u00e8me Assembl\u00e9e des Communs de Grenoble\nNous invitons l&rsquo;ensemble des commoneurs-euses de la r\u00e9gion a particip\u00e9 \u00e0 la 6\u00e8me Assembl\u00e9e des Communs de Grenoble le 25 Mars 2022 de 18h \u00e0 20h (\u00e0 la MNEI\u00a0 5 Pl. Bir Hakeim, 38000 Grenoble ).\n\nPlusieurs sujets sont d\u00e9j\u00e0 au programme\u00a0:\n\nPr\u00e9sentation des Chartes des Communs \n\u00ab Maison des Communs \u00bb au Budget Participatif (Forum le 26 mars)\nLes Communs de l&rsquo;Alimentation\nProjet Relocalisons\n\nOrganisation d&rsquo;un \u00e9v\u00e9nement sur les communs en novembre 2022\n\nSi vous avez des propositions \u00e0 ajouter, n&rsquo;h\u00e9sitez pas \u00e0 envoyer votre message \u00e0 assembleedescommunsgrenoble@zaclys.net\nLettre d&rsquo;info de l&rsquo;Assembl\u00e9e des Communs de Grenoble \n\n\n&nbsp;\nVoici quelques nouvelles sur les communs sur le territoire de l&rsquo;agglom\u00e9ration grenobloise pour informer sur les projets mis en place depuis la cinqui\u00e8me assembl\u00e9e des communs de Grenoble et dans la perspective de la sixi\u00e8me assembl\u00e9e des communs.\n&nbsp;\nChartes des Communs \nLa mission des communs de la ville de Grenoble a engag\u00e9 un travail d&rsquo;\u00e9criture d&rsquo;une charte des communs pour renforcer les coop\u00e9rations entre les citoyens et l&rsquo;administration locale. Cette charte sera pr\u00e9sent\u00e9e lors de la prochaine assembl\u00e9e des communs au printemps 2022 avant d&rsquo;\u00eatre adopt\u00e9 par le conseil municipal. Le service d\u00e9mocratie locale de la ville de Grenoble a pris une part active pour favoriser les liens avec le budget participatif, les chantiers ouverts au public et d&rsquo;autres initiatives public-communs.\nLe mandat d\u00e9fini par la cinqui\u00e8me assembl\u00e9e des communs \u00e9tait d&rsquo;\u00e9largir la charte des communs au del\u00e0 des seules relations avec l&rsquo;administration municipale. Un formulaire a \u00e9t\u00e9 r\u00e9dig\u00e9 pour mieux conna\u00eetre les chartes des communs qui existent en Europe. Il sera diffus\u00e9 dans les r\u00e9seaux europ\u00e9ens en vue de pr\u00e9sent\u00e9 les premi\u00e8res r\u00e9ponses lors de la prochaine assembl\u00e9e. Voir le formulaire\u00a0: https://framaforms.org/common-assemblies-europe-1633354951\nNous souhaitons \u00e9galement lancer un appel \u00e0 des chercheurs qui seraient int\u00e9ress\u00e9s pour accompagner ce processus d&rsquo;enqu\u00eate et de recherche-action. \nassembleedescommunsgrenoble@zaclys.net\n\n\nLes communs de l&rsquo;alimentation\u00a0\nPlusieurs d\u00e9marches ont \u00e9t\u00e9 lanc\u00e9es pour renforcer les communs de l&rsquo;alimentation \u00e0 l&rsquo;\u00e9chelle du Plan Alimentaire Inter-territorial (PAIT). \nPlusieurs associations de Grenoble participe \u00e0 la Caravane pour le Droit \u00e0 l&rsquo;Alimentation qui a pour objectif de contribuer \u00e0 l\u2019acc\u00e8s \u00e0 une alimentation locale de qualit\u00e9 en partant des besoins et comp\u00e9tences des habitant. \nLa caravane pour le Droit \u00e0 l\u2019alimentation souhaite contribuer \u00e0 favoriser l\u2019\u00e9mergence d\u2019activit\u00e9s \u00e9conomiques autour de l\u2019alimentation et renforcer les besoins de formation \u00e0 travers trois modalit\u00e9s : le projet des caddies solidaires pour r\u00e9inventer les distributions alimentaires et l\u2019acc\u00e8s \u00e0 une alimentation locale de qualit\u00e9, la mise \u00e0 disposition d\u2019un triporteur partag\u00e9 d\u00e9di\u00e9 \u00e0 la logistique alimentaire de proximit\u00e9 et une remorque \u00ab\u00a0Food Truck\u00a0Solidaire (FTS)\u00bb pour cuisiner, transformer et distribuer des produits locaux lors d\u2019ateliers organis\u00e9s dans l\u2019espace public (disponible \u00e0 partir de Juin 2022). \nLa premi\u00e8re \u00e9dition de la caravane se terminera le 11 f\u00e9vrier par une distribution et d\u00e9gustation de produits locaux de qualit\u00e9 de 16h \u00e0 18h sur la Place des G\u00e9ants  (devant le 50 Place des G\u00e9ants). Une seconde caravane est pr\u00e9vue du 5 au 15 avril 2022. Plus d&rsquo;infos\u00a0: planning(a)zaclys.net https://caravane-alimentation.multisite.rio20.net/\n\n\nLa maison des communs au budget participatif\nLa Maison des Communs \u00e0 Grenoble est un projet d\u00e9pos\u00e9 pour le 7\u00e8me \u00e9dition du Budget Participatif de Grenoble. L&rsquo;objectif est de cr\u00e9er un lieu ressource pour tous les habitants et les associations qui veulent pr\u00e9server, d\u00e9velopper ou cr\u00e9er les communs. Sa forme et localisation qui restent encore \u00e0 d\u00e9finir lors de la prochaine assembl\u00e9e mais elle pourra \u00eatre situ\u00e9e \u00e0 proximit\u00e9 d&rsquo;un b\u00e2timent existant et ouvert sur l&rsquo;espace public. Au d\u00e9marrage, la Maison des Communs fonctionnera comme une mat\u00e9riauth\u00e8que ou une outilth\u00e8que puis aura vocation \u00e0 d\u00e9velopper d&rsquo;autres ressources communes, en fonction des besoins des habitants et associations. Lrs de la prochaine assembl\u00e9e des communs, nous pr\u00e9senterons les \u00e9changes avec le service d\u00e9mocratie participative et d\u00e9cideront ensemble des orientations \u00e0 donner \u00e0 ce projet.\nLa Maison des Communs sera pr\u00e9sent\u00e9e lors du prochain forum se d\u00e9roulera le 26 mars 2022 \u00e0 l&rsquo;h\u00f4tel de Ville de Grenoble. Plus d&rsquo;infos\u00a0: https://www.grenoble.fr/552-budget-participatif.htm\n\n\nLa Villeneuve\u00a0: f\u00eatons les 50 ans de ce patrimoine commun\u00a0\nVous vous souvenez que Jonathan Duran Folco disait que la Villeneuve \u00e9tait le plus grand commun urbain de Grenoble comparant l&rsquo;ampleur de ce projet avec Milton Parc \u00e0 Montr\u00e9al ? A l&rsquo;occasion des 50 ans de la Villeneuve, un comit\u00e9 d&rsquo;organisation propose d&rsquo;organiser des \u00e9v\u00e8nements festifs et participatifs de Juin 2022 \u00e0 Juin 2023. \nEn s&rsquo;inspirant des exp\u00e9riences pr\u00e9sent\u00e9es par l&rsquo;Hotel du Nord \u00e0 Marseille, l&rsquo;Atelier Populaire d&rsquo;Urbanisme (APU) propose d&rsquo;envisager ensemble des initiatives sur le \u00ab\u00a0patrimoine en commun\u00a0\u00bb\u00a0de la Villeneuve et des liens avec la convention de Faro lors des prochaines journ\u00e9es du patrimoine qui se d\u00e9roulera le 17 et 18 septembre 2022.\nPlus d&rsquo;infos\u00a0sur les 50 ans : https://www.lecrieur.net/en-route-vers-les-50-ans-de-la-villeneuve/\n&nbsp;\nUn \u00e9v\u00e8nement sur les communs \u00e0 l&rsquo;automne 2022\u00a0?\nLors de l&rsquo;assembl\u00e9e des Communs de Marseile organis\u00e9e en Novembre 2021, une proposition a \u00e9t\u00e9 formul\u00e9e d&rsquo;organiser une nouvelle assembl\u00e9e \u00e0 Grenoble. \nL&rsquo;intention de cette nouvelle rencontre serait de partager des exp\u00e9riences, des outils et des strat\u00e9gies sur les communs \u00e0 partir de th\u00e9matiques  (communs fonciers, soin et sant\u00e9, communs urbains, alimentation&#8230;) et des enjeux politiques.\nCe serait une occasion de venir d\u00e9couvrir les communs de Grenoble \u00e0 travers diverses balades organis\u00e9s dans la ville et les alentours. \nNous proposons de discuter cette proposition lors de la prochaine assembl\u00e9e et de lancer un comit\u00e9 de pr\u00e9paration avec une proposition de date pour le 11, 12, 13 Novembre. \nSi vous souhaitez proposer des id\u00e9es \u00a0: \n assembleedescommunsgrenoble@zaclys.net\nPlus d&rsquo;infos\nhttps://wiki.lescommuns.org/wiki/Grenoble\nassembleedescommunsgrenoble@zaclys.net\n\nCet article 6\u00e8me Assembl\u00e9e des Communs de Grenoble (25 Mars 2022, Grenoble) est apparu en premier sur Les Communs d&#039;Abord.",
            "date_published": "2022-02-13T13:15:10+01:00",
            "date_modified": "2022-02-13T13:17:08+01:00",
            "authors": [
                {
                    "name": "sylviafredriksson",
                    "url": "https://www.les-communs-dabord.org/author/sylviafredriksson/",
                    "avatar": "https://secure.gravatar.com/avatar/b789251818587c57a91c729cf5e713a8ec7c93ca7260aebba091f19c2243ab6f?s=512&d=mm&r=g"
                }
            ],
            "author": {
                "name": "sylviafredriksson",
                "url": "https://www.les-communs-dabord.org/author/sylviafredriksson/",
                "avatar": "https://secure.gravatar.com/avatar/b789251818587c57a91c729cf5e713a8ec7c93ca7260aebba091f19c2243ab6f?s=512&d=mm&r=g"
            },
            "image": "https://www.les-communs-dabord.org/wp-content/uploads/sites/18/2022/02/800px-Assemble\u0301e_des_communs_de_Grenoble.jpg",
            "tags": [
                "Assembl\u00e9e des communs",
                "Grenoble",
                "Agenda"
            ]
        },
        {
            "id": "https://www.les-communs-dabord.org/?p=5256",
            "url": "https://www.les-communs-dabord.org/faire-commun-e-rencontre-internationale-fearless-cities-15-17-mai-2020-grenoble/",
            "title": "\u00ab\u00a0Faire commun.e !\u00a0\u00bb Rencontre internationale Fearless Cities (15-17 mai 2020, Grenoble)",
            "content_html": "<p><strong>Apr\u00e8s les \u00e9lections municipales, du 15 au 17 mai 2020 se tiendra \u00e0 Grenoble un rassemblement pour \u00ab\u00a0Faire commun.e !\u00a0\u00bb, port\u00e9 par <a href=\"https://commonspolis.org/fr/\">Commonspolis</a> et le <a href=\"https://mouvementutopia.org/site/\">Mouvement Utopia</a>. Cette rencontre s\u2019adresse aux membres de listes participatives (gagnantes ou non suite aux \u00e9lections), aux \u00e9lu.e.s locaux, aux <a href=\"http://habitant.es\" target=\"_blank\" rel=\"noopener noreferrer\" data-saferedirecturl=\"https://www.google.com/url?q=http://habitant.es&amp;source=gmail&amp;ust=1582563426247000&amp;usg=AFQjCNEA1e2yiyP53QPEyUsQhk19-N8EYw\">habitant.es</a> engag\u00e9.es localement et chercheuses/chercheurs impliqu\u00e9.es dans ces transformations, et s\u2019inscrit dans l\u2019histoire des rencontres internationales des Fearless Cities.</strong></p>\n<p>&nbsp;</p>\n<blockquote><p>Nous sommes de plus en plus nombreuses et nombreux \u00e0 vouloir prendre en main la gestion de nos communes, de nos territoires. \u00c0 s&rsquo;impliquer localement et affirmer les valeurs de solidarit\u00e9, d\u2019inclusion et de d\u00e9fense des droits fondamentaux face aux d\u00e9fis auxquels nous sommes confront\u00e9s (climatiques, culturels, \u00e9cologiques, politiques, sociaux\u2026).</p>\n<p>Ces derniers mois de nouvelles forces et valeurs se sont ancr\u00e9es. Une \u00e9nergie est l\u00e0. Il est temps de <b> faire commun.e\u00a0</b>!<u><b><br />\n</b></u></p>\n<p>&nbsp;</p>\n<p><b>RENDEZ-VOUS \u00c0 GRENOBLE DU 15 AU 17 MAI POUR UNE GRANDE RENCONTRE MUNICIPALISTE</b></p>\n<p>&nbsp;</p>\n<p>Cette rencontre, qui s\u2019adresse aux membres de listes participatives (gagnantes ou non suite aux \u00e9lections), aux \u00e9lu.e.s locaux, aux <a href=\"http://habitant.es\" target=\"_blank\" rel=\"noopener noreferrer\" data-saferedirecturl=\"https://www.google.com/url?q=http://habitant.es&amp;source=gmail&amp;ust=1582563426247000&amp;usg=AFQjCNEA1e2yiyP53QPEyUsQhk19-N8EYw\">habitant.es</a> engag\u00e9.es localement et chercheuses/chercheurs impliqu\u00e9.es dans ces transformations, s\u2019inscrit dans l\u2019histoire des rencontres internationales des Fearless Cities &#8211; Villes sans peur. Apr\u00e8s les \u00e9lections municipales, prenons le temps de nous rassembler, pour comprendre et compter nos forces. Prenons le temps de construire un espace commun afin de partager nos exp\u00e9riences et visions. D\u00e9cidons de prendre le temps pour mieux nous relier, de l\u2019\u00e9chelle locale \u00e0 l\u2019\u00e9chelle europ\u00e9enne, pour nous soutenir, continuer \u00e0 exp\u00e9rimenter ensemble et pouvoir peser \u00e0 d&rsquo;autres \u00e9chelles.</p></blockquote>\n<div></div>\n<div></div>\n<div></div>\n<div></div>\n<div></div>\n<p>&nbsp;<span id=\"more-5256\"></span></p>\n<p>Cet article <a href=\"https://www.les-communs-dabord.org/faire-commun-e-rencontre-internationale-fearless-cities-15-17-mai-2020-grenoble/\">\u00ab\u00a0Faire commun.e !\u00a0\u00bb Rencontre internationale Fearless Cities (15-17 mai 2020, Grenoble)</a> est apparu en premier sur <a href=\"https://www.les-communs-dabord.org\">Les Communs d&#039;Abord</a>.</p>\n",
            "content_text": "Apr\u00e8s les \u00e9lections municipales, du 15 au 17 mai 2020 se tiendra \u00e0 Grenoble un rassemblement pour \u00ab\u00a0Faire commun.e !\u00a0\u00bb, port\u00e9 par Commonspolis et le Mouvement Utopia. Cette rencontre s\u2019adresse aux membres de listes participatives (gagnantes ou non suite aux \u00e9lections), aux \u00e9lu.e.s locaux, aux habitant.es engag\u00e9.es localement et chercheuses/chercheurs impliqu\u00e9.es dans ces transformations, et s\u2019inscrit dans l\u2019histoire des rencontres internationales des Fearless Cities.\n&nbsp;\nNous sommes de plus en plus nombreuses et nombreux \u00e0 vouloir prendre en main la gestion de nos communes, de nos territoires. \u00c0 s&rsquo;impliquer localement et affirmer les valeurs de solidarit\u00e9, d\u2019inclusion et de d\u00e9fense des droits fondamentaux face aux d\u00e9fis auxquels nous sommes confront\u00e9s (climatiques, culturels, \u00e9cologiques, politiques, sociaux\u2026).\nCes derniers mois de nouvelles forces et valeurs se sont ancr\u00e9es. Une \u00e9nergie est l\u00e0. Il est temps de  faire commun.e\u00a0!\n\n&nbsp;\nRENDEZ-VOUS \u00c0 GRENOBLE DU 15 AU 17 MAI POUR UNE GRANDE RENCONTRE MUNICIPALISTE\n&nbsp;\nCette rencontre, qui s\u2019adresse aux membres de listes participatives (gagnantes ou non suite aux \u00e9lections), aux \u00e9lu.e.s locaux, aux habitant.es engag\u00e9.es localement et chercheuses/chercheurs impliqu\u00e9.es dans ces transformations, s\u2019inscrit dans l\u2019histoire des rencontres internationales des Fearless Cities &#8211; Villes sans peur. Apr\u00e8s les \u00e9lections municipales, prenons le temps de nous rassembler, pour comprendre et compter nos forces. Prenons le temps de construire un espace commun afin de partager nos exp\u00e9riences et visions. D\u00e9cidons de prendre le temps pour mieux nous relier, de l\u2019\u00e9chelle locale \u00e0 l\u2019\u00e9chelle europ\u00e9enne, pour nous soutenir, continuer \u00e0 exp\u00e9rimenter ensemble et pouvoir peser \u00e0 d&rsquo;autres \u00e9chelles.\n\n\n\n\n\n&nbsp;\nCet article \u00ab\u00a0Faire commun.e !\u00a0\u00bb Rencontre internationale Fearless Cities (15-17 mai 2020, Grenoble) est apparu en premier sur Les Communs d&#039;Abord.",
            "date_published": "2020-02-23T18:22:48+01:00",
            "date_modified": "2020-02-23T18:22:48+01:00",
            "authors": [
                {
                    "name": "sylviafredriksson",
                    "url": "https://www.les-communs-dabord.org/author/sylviafredriksson/",
                    "avatar": "https://secure.gravatar.com/avatar/b789251818587c57a91c729cf5e713a8ec7c93ca7260aebba091f19c2243ab6f?s=512&d=mm&r=g"
                }
            ],
            "author": {
                "name": "sylviafredriksson",
                "url": "https://www.les-communs-dabord.org/author/sylviafredriksson/",
                "avatar": "https://secure.gravatar.com/avatar/b789251818587c57a91c729cf5e713a8ec7c93ca7260aebba091f19c2243ab6f?s=512&d=mm&r=g"
            },
            "image": "https://www.les-communs-dabord.org/wp-content/uploads/sites/18/2020/02/index.png",
            "tags": [
                "Fearless Cities",
                "Grenoble",
                "mouvement Utopia",
                "municipalisme",
                "Agenda"
            ]
        },
        {
            "id": "https://www.les-communs-dabord.org/?p=4952",
            "url": "https://www.les-communs-dabord.org/lancement-de-lorganisation-de-la-4eme-assemblee-des-communs-janvier-2020-grenoble/",
            "title": "Lancement de l\u2019organisation de la 4\u00e8me Assembl\u00e9e des Communs (janvier 2020, Grenoble)",
            "content_html": "<div class=\"css-901oao r-hkyrab r-1qd0xha r-1blvdjr r-16dba41 r-ad9z0x r-bcqeeo r-19yat4t r-bnwqim r-qvutc0\" dir=\"auto\" lang=\"fr\"><span class=\"css-901oao css-16my406 r-1qd0xha r-ad9z0x r-bcqeeo r-qvutc0\"><strong><a href=\"https://wiki.lescommuns.org/wiki/Grenoble\">L&rsquo;Assembl\u00e9e des Communs de Grenoble</a> (ACG)</strong> a \u00e9t\u00e9 cr\u00e9\u00e9 en mars 2017 lors de la Biennale des Villes en Transition. Cette premi\u00e8re assembl\u00e9e est le r\u00e9sultat d&rsquo;une convergence entre plusieurs initiatives notamment la commission des communs de Nuit Debout Grenoble et la ville de Grenoble, puis de diff\u00e9rents repr\u00e9sentants d\u2019associations dont Alpes Solidaires, Alternatiba, le Cairn, Terre de Liens, Planning &amp; l&rsquo;Atelier Populaire d&rsquo;Urbanisme. Plusieurs groupes th\u00e9matiques ont alors \u00e9merg\u00e9 autour des communs urbains, des communs de la connaissance, des communs naturels et des communs du bien-\u00eatre et de la sant\u00e9.</span></div>\n<div dir=\"auto\" lang=\"fr\"></div>\n<div class=\"css-901oao r-hkyrab r-1qd0xha r-1blvdjr r-16dba41 r-ad9z0x r-bcqeeo r-19yat4t r-bnwqim r-qvutc0\" dir=\"auto\" lang=\"fr\"><strong><span class=\"css-901oao css-16my406 r-1qd0xha r-ad9z0x r-bcqeeo r-qvutc0\">L&rsquo;organisation de la 4\u00e8me assembl\u00e9e des Communs de </span><span class=\"r-18u37iz\"><a class=\"css-4rbku5 css-18t94o4 css-901oao css-16my406 r-1n1174f r-1loqt21 r-1qd0xha r-ad9z0x r-bcqeeo r-qvutc0\" role=\"link\" href=\"https://twitter.com/hashtag/Grenoble?src=hashtag_click\" data-focusable=\"true\">Grenoble, </a></span></strong><span class=\"css-901oao css-16my406 r-1qd0xha r-ad9z0x r-bcqeeo r-qvutc0\"><strong>pr\u00e9vue fin Janvier 2020, est lanc\u00e9 pour mener le plaidoyer pour les communs dans le contexte des \u00e9lections municipales !</strong> </span></div>\n<div class=\"css-901oao r-hkyrab r-1qd0xha r-1blvdjr r-16dba41 r-ad9z0x r-bcqeeo r-19yat4t r-bnwqim r-qvutc0\" dir=\"auto\" lang=\"fr\"><span class=\"css-901oao css-16my406 r-1qd0xha r-ad9z0x r-bcqeeo r-qvutc0\">=&gt; Si vous souhaitez contribuer </span><a class=\"css-4rbku5 css-18t94o4 css-901oao css-16my406 r-1n1174f r-1loqt21 r-1qd0xha r-ad9z0x r-bcqeeo r-qvutc0\" title=\"https://frama.link/1VBC_RGY\" role=\"link\" href=\"https://t.co/98j0KBeS58?amp=1\" target=\"_blank\" rel=\"noopener noreferrer\" data-focusable=\"true\"><strong><span class=\"css-901oao css-16my406 r-1qd0xha r-hiw28u r-ad9z0x r-bcqeeo r-qvutc0\" aria-hidden=\"true\">https://</span>frama.link/1VBC_RGY</strong></a></div>\n<div dir=\"auto\" lang=\"fr\">=&gt; Plus d&rsquo;informations sur le <strong><a href=\"https://wiki.lescommuns.org/wiki/Grenoble\">wiki des Assembl\u00e9es des communs</a></strong></div>\n<div dir=\"auto\" lang=\"fr\"></div>\n<div dir=\"auto\" lang=\"fr\"><img decoding=\"async\" class=\"alignnone wp-image-4953 size-full\" src=\"https://www.les-communs-dabord.org/wp-content/uploads/sites/18/2019/11/EKXhSVnXYAAR0ah.jpg\" alt=\"\" width=\"679\" height=\"497\" srcset=\"https://www.les-communs-dabord.org/wp-content/uploads/sites/18/2019/11/EKXhSVnXYAAR0ah.jpg 679w, https://www.les-communs-dabord.org/wp-content/uploads/sites/18/2019/11/EKXhSVnXYAAR0ah-300x220.jpg 300w, https://www.les-communs-dabord.org/wp-content/uploads/sites/18/2019/11/EKXhSVnXYAAR0ah-600x439.jpg 600w, https://www.les-communs-dabord.org/wp-content/uploads/sites/18/2019/11/EKXhSVnXYAAR0ah-640x468.jpg 640w\" sizes=\"(max-width: 639px) 98vw, (max-width: 1199px) 64vw, 679px\" /></div>\n<p><span id=\"more-4952\"></span></p>\n<p>Cet article <a href=\"https://www.les-communs-dabord.org/lancement-de-lorganisation-de-la-4eme-assemblee-des-communs-janvier-2020-grenoble/\">Lancement de l&rsquo;organisation de la 4\u00e8me Assembl\u00e9e des Communs (janvier 2020, Grenoble)</a> est apparu en premier sur <a href=\"https://www.les-communs-dabord.org\">Les Communs d&#039;Abord</a>.</p>\n",
            "content_text": "L&rsquo;Assembl\u00e9e des Communs de Grenoble (ACG) a \u00e9t\u00e9 cr\u00e9\u00e9 en mars 2017 lors de la Biennale des Villes en Transition. Cette premi\u00e8re assembl\u00e9e est le r\u00e9sultat d&rsquo;une convergence entre plusieurs initiatives notamment la commission des communs de Nuit Debout Grenoble et la ville de Grenoble, puis de diff\u00e9rents repr\u00e9sentants d\u2019associations dont Alpes Solidaires, Alternatiba, le Cairn, Terre de Liens, Planning &amp; l&rsquo;Atelier Populaire d&rsquo;Urbanisme. Plusieurs groupes th\u00e9matiques ont alors \u00e9merg\u00e9 autour des communs urbains, des communs de la connaissance, des communs naturels et des communs du bien-\u00eatre et de la sant\u00e9.\n\nL&rsquo;organisation de la 4\u00e8me assembl\u00e9e des Communs de Grenoble, pr\u00e9vue fin Janvier 2020, est lanc\u00e9 pour mener le plaidoyer pour les communs dans le contexte des \u00e9lections municipales ! \n=&gt; Si vous souhaitez contribuer https://frama.link/1VBC_RGY\n=&gt; Plus d&rsquo;informations sur le wiki des Assembl\u00e9es des communs\n\n\n\nCet article Lancement de l&rsquo;organisation de la 4\u00e8me Assembl\u00e9e des Communs (janvier 2020, Grenoble) est apparu en premier sur Les Communs d&#039;Abord.",
            "date_published": "2019-11-27T15:48:33+01:00",
            "date_modified": "2019-11-27T15:48:33+01:00",
            "authors": [
                {
                    "name": "sylviafredriksson",
                    "url": "https://www.les-communs-dabord.org/author/sylviafredriksson/",
                    "avatar": "https://secure.gravatar.com/avatar/b789251818587c57a91c729cf5e713a8ec7c93ca7260aebba091f19c2243ab6f?s=512&d=mm&r=g"
                }
            ],
            "author": {
                "name": "sylviafredriksson",
                "url": "https://www.les-communs-dabord.org/author/sylviafredriksson/",
                "avatar": "https://secure.gravatar.com/avatar/b789251818587c57a91c729cf5e713a8ec7c93ca7260aebba091f19c2243ab6f?s=512&d=mm&r=g"
            },
            "image": "https://www.les-communs-dabord.org/wp-content/uploads/sites/18/2019/11/EKXhSVnXYAAR0ah.jpg",
            "tags": [
                "Assembl\u00e9e des communs",
                "Grenoble",
                "politiques municipales",
                "Les communs en action"
            ]
        },
        {
            "id": "http://www.les-communs-dabord.org/target/une-semaine-en-commun-du-9-au-16-mars-2019/",
            "url": "https://www.les-communs-dabord.org/une-semaine-en-commun-du-9-au-16-mars-2019/",
            "title": "Une semaine en commun(s) \u00e0 Grenoble du 9 au 16 mars 2019",
            "content_html": "<p><strong>Pendant la Biennale des Villes en Transition organis\u00e9e \u00e0 Grenoble du 9 au 16 mars 2019, une riche programmation sera d\u00e9di\u00e9e aux communs, au travers conf\u00e9rences, d\u00e9bats et assembl\u00e9es.\u00a0</strong><br />\n=&gt; Un programme \u00e0 explorer sur le site : <a href=\"http://grenoble.entransition.fr/2019/02/26/une-semaine-en-commun-du-9-au-16-mars-2019/\" target=\"_blank\" rel=\"noopener\">grenoble.entransition.fr</a><br />\n=&gt; Des actions \u00e0 rejoindre et \u00e0 documenter sur le <a href=\"https://wiki.lescommuns.org/wiki/Biennale_des_Villes_en_Transition_2019\">wiki des communs</a>.</p>\n<p>&nbsp;</p>\n<p><img decoding=\"async\" class=\"alignnone wp-image-4063 size-full\" src=\"https://www.les-communs-dabord.org/wp-content/uploads/sites/18/2019/02/semaine-en-commun-1.png\" alt=\"\" width=\"585\" height=\"817\" srcset=\"https://www.les-communs-dabord.org/wp-content/uploads/sites/18/2019/02/semaine-en-commun-1.png 585w, https://www.les-communs-dabord.org/wp-content/uploads/sites/18/2019/02/semaine-en-commun-1-215x300.png 215w\" sizes=\"(max-width: 639px) 98vw, (max-width: 1199px) 64vw, 585px\" /></p>\n<p>&nbsp;</p>\n<p><img loading=\"lazy\" decoding=\"async\" class=\"alignnone wp-image-4064 size-full\" src=\"https://www.les-communs-dabord.org/wp-content/uploads/sites/18/2019/02/semaine-en-commun2-1.png\" alt=\"\" width=\"579\" height=\"816\" srcset=\"https://www.les-communs-dabord.org/wp-content/uploads/sites/18/2019/02/semaine-en-commun2-1.png 579w, https://www.les-communs-dabord.org/wp-content/uploads/sites/18/2019/02/semaine-en-commun2-1-213x300.png 213w\" sizes=\"auto, (max-width: 639px) 98vw, (max-width: 1199px) 64vw, 579px\" /></p>\n<p>&nbsp;<span id=\"more-4060\"></span></p>\n<p>Cet article <a href=\"https://www.les-communs-dabord.org/une-semaine-en-commun-du-9-au-16-mars-2019/\">Une semaine en commun(s) \u00e0 Grenoble du 9 au 16 mars 2019</a> est apparu en premier sur <a href=\"https://www.les-communs-dabord.org\">Les Communs d&#039;Abord</a>.</p>\n",
            "content_text": "Pendant la Biennale des Villes en Transition organis\u00e9e \u00e0 Grenoble du 9 au 16 mars 2019, une riche programmation sera d\u00e9di\u00e9e aux communs, au travers conf\u00e9rences, d\u00e9bats et assembl\u00e9es.\u00a0\n=&gt; Un programme \u00e0 explorer sur le site : grenoble.entransition.fr\n=&gt; Des actions \u00e0 rejoindre et \u00e0 documenter sur le wiki des communs.\n&nbsp;\n\n&nbsp;\n\n&nbsp;\nCet article Une semaine en commun(s) \u00e0 Grenoble du 9 au 16 mars 2019 est apparu en premier sur Les Communs d&#039;Abord.",
            "date_published": "2019-02-27T11:17:29+01:00",
            "date_modified": "2019-02-27T11:17:29+01:00",
            "authors": [
                {
                    "name": "sylviafredriksson",
                    "url": "https://www.les-communs-dabord.org/author/sylviafredriksson/",
                    "avatar": "https://secure.gravatar.com/avatar/b789251818587c57a91c729cf5e713a8ec7c93ca7260aebba091f19c2243ab6f?s=512&d=mm&r=g"
                }
            ],
            "author": {
                "name": "sylviafredriksson",
                "url": "https://www.les-communs-dabord.org/author/sylviafredriksson/",
                "avatar": "https://secure.gravatar.com/avatar/b789251818587c57a91c729cf5e713a8ec7c93ca7260aebba091f19c2243ab6f?s=512&d=mm&r=g"
            },
            "image": "https://www.les-communs-dabord.org/wp-content/uploads/sites/18/2019/02/semaine-en-commun2.png",
            "tags": [
                "action publique",
                "Assembl\u00e9e des communs",
                "Droit \u00e0 la ville",
                "Grenoble",
                "Actualit\u00e9s"
            ]
        },
        {
            "id": "http://www.les-communs-dabord.org/?p=3528",
            "url": "https://www.les-communs-dabord.org/les-communs-urbains-et-le-droit-a-la-ville-retour-sur-les-travaux-de-lassemblee-des-communs-de-grenoble/",
            "title": "Les communs urbains et le Droit \u00e0 la ville : retour sur les travaux de l\u2019Assembl\u00e9e des communs de Grenoble",
            "content_html": "<p><strong>En mars 2018, des membres de l&rsquo;<a href=\"https://wiki.lescommuns.org/wiki/Grenoble\">Assembl\u00e9e des Communs de Grenoble</a> ont particip\u00e9 \u00e0 des ateliers organis\u00e9s dans le cadre de la <a href=\"http://www.assoplanning.org/\">semaine d&rsquo;action pour le Droit \u00e0 la Ville</a>. L&rsquo;ensemble des comptes-rendus est publi\u00e9 sur le site de l&rsquo;<a href=\"http://www.assoplanning.org/\">Atelier populaire d&rsquo;urbanisme de La Villeneuve</a>.</strong></p>\n<p>CR <a href=\"http://www.assoplanning.org/?q=node/174\">\u00ab\u00a0Les communs urbains et le Droit \u00e0 la Ville\u00a0\u00bb, Partie n\u00b01</a> , place du March\u00e9 de la Villeneuve<br />\nCR <a href=\"http://www.assoplanning.org/?q=node/175\">\u00ab\u00a0Les communs urbains et le Droit \u00e0 la Ville\u00a0\u00bb, Partie n\u00b02</a>, place St Bruno</p>\n<p>Source : <a href=\"http://www.assoplanning.org/\">Atelier populaire d&rsquo;urbanisme de La Villeneuve</a><span id=\"more-3528\"></span></p>\n<p>Cet article <a href=\"https://www.les-communs-dabord.org/les-communs-urbains-et-le-droit-a-la-ville-retour-sur-les-travaux-de-lassemblee-des-communs-de-grenoble/\">Les communs urbains et le Droit \u00e0 la ville : retour sur les travaux de l&rsquo;Assembl\u00e9e des communs de Grenoble</a> est apparu en premier sur <a href=\"https://www.les-communs-dabord.org\">Les Communs d&#039;Abord</a>.</p>\n",
            "content_text": "En mars 2018, des membres de l&rsquo;Assembl\u00e9e des Communs de Grenoble ont particip\u00e9 \u00e0 des ateliers organis\u00e9s dans le cadre de la semaine d&rsquo;action pour le Droit \u00e0 la Ville. L&rsquo;ensemble des comptes-rendus est publi\u00e9 sur le site de l&rsquo;Atelier populaire d&rsquo;urbanisme de La Villeneuve.\nCR \u00ab\u00a0Les communs urbains et le Droit \u00e0 la Ville\u00a0\u00bb, Partie n\u00b01 , place du March\u00e9 de la Villeneuve\nCR \u00ab\u00a0Les communs urbains et le Droit \u00e0 la Ville\u00a0\u00bb, Partie n\u00b02, place St Bruno\nSource : Atelier populaire d&rsquo;urbanisme de La Villeneuve\nCet article Les communs urbains et le Droit \u00e0 la ville : retour sur les travaux de l&rsquo;Assembl\u00e9e des communs de Grenoble est apparu en premier sur Les Communs d&#039;Abord.",
            "date_published": "2018-04-26T10:45:50+02:00",
            "date_modified": "2018-04-26T10:48:15+02:00",
            "authors": [
                {
                    "name": "sylviafredriksson",
                    "url": "https://www.les-communs-dabord.org/author/sylviafredriksson/",
                    "avatar": "https://secure.gravatar.com/avatar/b789251818587c57a91c729cf5e713a8ec7c93ca7260aebba091f19c2243ab6f?s=512&d=mm&r=g"
                }
            ],
            "author": {
                "name": "sylviafredriksson",
                "url": "https://www.les-communs-dabord.org/author/sylviafredriksson/",
                "avatar": "https://secure.gravatar.com/avatar/b789251818587c57a91c729cf5e713a8ec7c93ca7260aebba091f19c2243ab6f?s=512&d=mm&r=g"
            },
            "image": "https://www.les-communs-dabord.org/wp-content/uploads/sites/18/2018/04/grenoble.png",
            "tags": [
                "Assembl\u00e9e des communs",
                "Droit \u00e0 la ville",
                "Grenoble",
                "Les communs en action"
            ]
        },
        {
            "id": "http://www.les-communs-dabord.org/?p=2202",
            "url": "https://www.les-communs-dabord.org/lancement-dune-strategie-se-reapproprier-communs-urbains-a-grenoble/",
            "title": "Lancement d\u2019une strat\u00e9gie pour se r\u00e9approprier les communs urbains \u00e0 Grenoble",
            "content_html": "<div class=\"_2cuy _3dgx _2vxa\"><img loading=\"lazy\" decoding=\"async\" class=\"alignnone size-full wp-image-2203\" src=\"https://www.les-communs-dabord.org/wp-content/uploads/sites/18/2017/06/urbains.png\" alt=\"\" width=\"883\" height=\"326\" srcset=\"https://www.les-communs-dabord.org/wp-content/uploads/sites/18/2017/06/urbains.png 883w, https://www.les-communs-dabord.org/wp-content/uploads/sites/18/2017/06/urbains-300x111.png 300w, https://www.les-communs-dabord.org/wp-content/uploads/sites/18/2017/06/urbains-768x284.png 768w, https://www.les-communs-dabord.org/wp-content/uploads/sites/18/2017/06/urbains-600x222.png 600w, https://www.les-communs-dabord.org/wp-content/uploads/sites/18/2017/06/urbains-640x236.png 640w\" sizes=\"auto, (max-width: 639px) 98vw, (max-width: 1199px) 64vw, 770px\" /></div>\n<div></div>\n<div><strong>Extrait</strong></div>\n<div></div>\n<blockquote>\n<div class=\"_2cuy _3dgx _2vxa\">Lors de la seconde assembl\u00e9e des communs de Grenoble, qui s&rsquo;est d\u00e9roul\u00e9e le 16 Juin 2017 \u00e0 la Plateforme, le groupe th\u00e9matique sur les communs urbains a \u00e9labor\u00e9 une strat\u00e9gie pour se r\u00e9approprier les communs urbains \u00e0 Grenoble</div>\n<div></div>\n<div class=\"_2cuy _3dgx _2vxa\">R\u00e9uni autour d\u2019une carte, les participants ont indiqu\u00e9 une vingtaine de \u201ccommuns urbains\u201d \u00e0 pr\u00e9server ou se r\u00e9approprier parmi lesquels des espaces publics, des jardins, des immeubles occup\u00e9s, des \u00e9quipements publics, des habitats group\u00e9s&#8230;. (voir la carte <a href=\"https://umap.openstreetmap.fr/fr/map/carte-test-assemblee-communs_132405#14/45.1830/5.7290\" target=\"_blank\" rel=\"nofollow noopener\">https://umap.openstreetmap.fr/fr/map/carte-test-assemblee-communs_132405#14/45.1830/5.7290</a>).</div>\n</blockquote>\n<div></div>\n<div><strong>Source :\u00a0</strong>https://www.facebook.com/notes/les-communs-urbains/lancement-dune-strat%C3%A9gie-pour-se-r%C3%A9approprier-les-communs-urbains-%C3%A0-grenoble/849905691844256/</div>\n<p><span id=\"more-2202\"></span></p>\n<p>Cet article <a href=\"https://www.les-communs-dabord.org/lancement-dune-strategie-se-reapproprier-communs-urbains-a-grenoble/\">Lancement d&rsquo;une strat\u00e9gie pour se r\u00e9approprier les communs urbains \u00e0 Grenoble</a> est apparu en premier sur <a href=\"https://www.les-communs-dabord.org\">Les Communs d&#039;Abord</a>.</p>\n",
            "content_text": "Extrait\n\n\nLors de la seconde assembl\u00e9e des communs de Grenoble, qui s&rsquo;est d\u00e9roul\u00e9e le 16 Juin 2017 \u00e0 la Plateforme, le groupe th\u00e9matique sur les communs urbains a \u00e9labor\u00e9 une strat\u00e9gie pour se r\u00e9approprier les communs urbains \u00e0 Grenoble\n\nR\u00e9uni autour d\u2019une carte, les participants ont indiqu\u00e9 une vingtaine de \u201ccommuns urbains\u201d \u00e0 pr\u00e9server ou se r\u00e9approprier parmi lesquels des espaces publics, des jardins, des immeubles occup\u00e9s, des \u00e9quipements publics, des habitats group\u00e9s&#8230;. (voir la carte https://umap.openstreetmap.fr/fr/map/carte-test-assemblee-communs_132405#14/45.1830/5.7290).\n\n\nSource :\u00a0https://www.facebook.com/notes/les-communs-urbains/lancement-dune-strat%C3%A9gie-pour-se-r%C3%A9approprier-les-communs-urbains-%C3%A0-grenoble/849905691844256/\n\nCet article Lancement d&rsquo;une strat\u00e9gie pour se r\u00e9approprier les communs urbains \u00e0 Grenoble est apparu en premier sur Les Communs d&#039;Abord.",
            "date_published": "2017-06-27T21:41:45+02:00",
            "date_modified": "2017-06-27T21:41:45+02:00",
            "authors": [
                {
                    "name": "calimaq",
                    "url": "https://www.les-communs-dabord.org/author/calimaq/",
                    "avatar": "https://secure.gravatar.com/avatar/e34c9b1cbbafaf6f9cfe494187529dbe3f4460e54367fd4c5cc6429bcb1beafb?s=512&d=mm&r=g"
                }
            ],
            "author": {
                "name": "calimaq",
                "url": "https://www.les-communs-dabord.org/author/calimaq/",
                "avatar": "https://secure.gravatar.com/avatar/e34c9b1cbbafaf6f9cfe494187529dbe3f4460e54367fd4c5cc6429bcb1beafb?s=512&d=mm&r=g"
            },
            "image": "https://www.les-communs-dabord.org/wp-content/uploads/sites/18/2017/06/urbains.png",
            "tags": [
                "communs urbains",
                "Grenoble",
                "Les communs en action"
            ]
        },
        {
            "id": "http://www.les-communs-dabord.org/?p=1482",
            "url": "https://www.les-communs-dabord.org/11-mars-premiere-assemblee-communs-a-grenoble/",
            "title": "11 mars : premi\u00e8re \u00e9tape vers une Assembl\u00e9e des Communs \u00e0 Grenoble",
            "content_html": "<p>Un appel est lanc\u00e9 pour participer au processus de cr\u00e9ation d&rsquo;une Assembl\u00e9e des Communs \u00e0 Grenoble, le samedi 11 mars lors de la Biennale des Villes en transition qui a lieu du 6 au 12 mars.</p>\n<p><img loading=\"lazy\" decoding=\"async\" class=\"size-medium wp-image-1483 aligncenter\" src=\"https://www.les-communs-dabord.org/wp-content/uploads/sites/18/2017/03/communs-300x227.png\" alt=\"\" width=\"300\" height=\"227\" srcset=\"https://www.les-communs-dabord.org/wp-content/uploads/sites/18/2017/03/communs-300x227.png 300w, https://www.les-communs-dabord.org/wp-content/uploads/sites/18/2017/03/communs.png 450w\" sizes=\"auto, (max-width: 639px) 98vw, (max-width: 1199px) 64vw, 300px\" /></p>\n<p>Rendez-vous donn\u00e9 au Patio, 97 Galerie de L&rsquo;Arlequin \u00e0 Grenoble, de 9h15 \u00e0 12h.</p>\n<p><strong>Source :</strong> <a href=\"https://www.facebook.com/events/365888637099984\">page Facebook de la Commission des Communs de Nuit Debout Grenoble. </a><span id=\"more-1482\"></span></p>\n<p>Cet article <a href=\"https://www.les-communs-dabord.org/11-mars-premiere-assemblee-communs-a-grenoble/\">11 mars : premi\u00e8re \u00e9tape vers une Assembl\u00e9e des Communs \u00e0 Grenoble</a> est apparu en premier sur <a href=\"https://www.les-communs-dabord.org\">Les Communs d&#039;Abord</a>.</p>\n",
            "content_text": "Un appel est lanc\u00e9 pour participer au processus de cr\u00e9ation d&rsquo;une Assembl\u00e9e des Communs \u00e0 Grenoble, le samedi 11 mars lors de la Biennale des Villes en transition qui a lieu du 6 au 12 mars.\n\nRendez-vous donn\u00e9 au Patio, 97 Galerie de L&rsquo;Arlequin \u00e0 Grenoble, de 9h15 \u00e0 12h.\nSource : page Facebook de la Commission des Communs de Nuit Debout Grenoble. \nCet article 11 mars : premi\u00e8re \u00e9tape vers une Assembl\u00e9e des Communs \u00e0 Grenoble est apparu en premier sur Les Communs d&#039;Abord.",
            "date_published": "2017-03-08T13:05:47+01:00",
            "date_modified": "2017-03-08T13:09:47+01:00",
            "authors": [
                {
                    "name": "calimaq",
                    "url": "https://www.les-communs-dabord.org/author/calimaq/",
                    "avatar": "https://secure.gravatar.com/avatar/e34c9b1cbbafaf6f9cfe494187529dbe3f4460e54367fd4c5cc6429bcb1beafb?s=512&d=mm&r=g"
                }
            ],
            "author": {
                "name": "calimaq",
                "url": "https://www.les-communs-dabord.org/author/calimaq/",
                "avatar": "https://secure.gravatar.com/avatar/e34c9b1cbbafaf6f9cfe494187529dbe3f4460e54367fd4c5cc6429bcb1beafb?s=512&d=mm&r=g"
            },
            "image": "https://www.les-communs-dabord.org/wp-content/uploads/sites/18/2017/03/communs.png",
            "tags": [
                "Assembl\u00e9e des communs",
                "Grenoble",
                "mouvements sociaux",
                "politisation des communs",
                "Les communs en action"
            ]
        }
    ]
}