{
    "version": "https://jsonfeed.org/version/1.1",
    "user_comment": "This feed allows you to read the posts from this site in any feed reader that supports the JSON Feed format. To add this feed to your reader, copy the following URL -- https://www.les-communs-dabord.org/tag/engagement/feed/json/ -- and add it your reader.",
    "home_page_url": "https://www.les-communs-dabord.org/tag/engagement/",
    "feed_url": "https://www.les-communs-dabord.org/tag/engagement/feed/json/",
    "language": "fr-FR",
    "title": "engagement Archives - Les Communs d&#039;Abord",
    "description": "le media des communs",
    "icon": "https://www.les-communs-dabord.org/wp-content/uploads/sites/18/2016/07/favicon-lcd.png",
    "items": [
        {
            "id": "http://www.les-communs-dabord.org/?p=1283",
            "url": "https://www.les-communs-dabord.org/ni-complices-ni-soumis-lengagement-en-politique-numerique-des-digital-natives/",
            "title": "Ni complices, ni soumis\u00a0: l\u2019engagement en politique num\u00e9rique des \u201cdigital natives\u201d",
            "content_html": " <p> L&rsquo;enseignante-chercheuse en Sciences de l\u2019Information et de la Communication, Anne Cordier, dresse un panorama de portraits d&rsquo;adolescents qui loin d&rsquo;\u00eatre de simple consommateurs, s&rsquo;engagent en politique num\u00e9rique. </p> \n <p> <img decoding=\"async\" class=\"size-medium wp-image-1285 aligncenter\" src=\"https://www.les-communs-dabord.org/wp-content/uploads/sites/18/2017/02/Capture-1-300x149-1.jpg\" alt=\"\" width=\"300\" height=\"149\" /> </p> \n<blockquote> <p> Cette action politique militante sur les r\u00e9seaux s\u2019inscrit dans un vaste mouvement de contestation de l\u2019ordre politique \u00e9tabli, que certains adolescents rencontr\u00e9s embrassent avec conviction et enthousiasme. Prenons le cas de Flavien, qui reproche \u00e0 sa partenaire de groupe d\u2019avoir opt\u00e9 pour l\u2019outil de traitement de texte Word lors d\u2019un travail scolaire men\u00e9 ensemble. Le propos tenu par l\u2019adolescent est digne de ceux proclam\u00e9s par les partisans des communs de la connaissance </p> </blockquote>\n <p> Source\u00a0: <em><a href=\"http://www.hybrid.univ-paris8.fr/lodel/index.php?id=654#tocto2n3\">Ni complices, ni soumis\u00a0:l\u2019engagement en politique num\u00e9rique des \u201cdigital natives\u201d</a></em> </p> \n<p>Cet article <a href=\"https://www.les-communs-dabord.org/ni-complices-ni-soumis-lengagement-en-politique-numerique-des-digital-natives/\">Ni complices, ni soumis\u00a0: l\u2019engagement en politique num\u00e9rique des \u201cdigital natives\u201d</a> est apparu en premier sur <a href=\"https://www.les-communs-dabord.org\">Les Communs d&#039;Abord</a>.</p>\n",
            "content_text": "L&rsquo;enseignante-chercheuse en Sciences de l\u2019Information et de la Communication, Anne Cordier, dresse un panorama de portraits d&rsquo;adolescents qui loin d&rsquo;\u00eatre de simple consommateurs, s&rsquo;engagent en politique num\u00e9rique.  \n    \n  Cette action politique militante sur les r\u00e9seaux s\u2019inscrit dans un vaste mouvement de contestation de l\u2019ordre politique \u00e9tabli, que certains adolescents rencontr\u00e9s embrassent avec conviction et enthousiasme. Prenons le cas de Flavien, qui reproche \u00e0 sa partenaire de groupe d\u2019avoir opt\u00e9 pour l\u2019outil de traitement de texte Word lors d\u2019un travail scolaire men\u00e9 ensemble. Le propos tenu par l\u2019adolescent est digne de ceux proclam\u00e9s par les partisans des communs de la connaissance  \n  Source\u00a0: Ni complices, ni soumis\u00a0:l\u2019engagement en politique num\u00e9rique des \u201cdigital natives\u201d  \nCet article Ni complices, ni soumis\u00a0: l\u2019engagement en politique num\u00e9rique des \u201cdigital natives\u201d est apparu en premier sur Les Communs d&#039;Abord.",
            "date_published": "2017-02-14T12:38:23+01:00",
            "date_modified": "2017-02-14T12:40:18+01:00",
            "authors": [
                {
                    "name": "H\u00e9l\u00e8ne Mulot",
                    "url": "https://www.les-communs-dabord.org/author/lnmulot/",
                    "avatar": "https://secure.gravatar.com/avatar/895cb210f425a57c180dae5daaba08bf?s=512&d=mm&r=g"
                }
            ],
            "author": {
                "name": "H\u00e9l\u00e8ne Mulot",
                "url": "https://www.les-communs-dabord.org/author/lnmulot/",
                "avatar": "https://secure.gravatar.com/avatar/895cb210f425a57c180dae5daaba08bf?s=512&d=mm&r=g"
            },
            "image": "https://www.les-communs-dabord.org/wp-content/uploads/sites/18/2017/02/Capture-1.jpg",
            "tags": [
                "communication",
                "\u00e9ducation",
                "engagement",
                "Recherches"
            ]
        }
    ]
}