{
    "version": "https://jsonfeed.org/version/1.1",
    "user_comment": "This feed allows you to read the posts from this site in any feed reader that supports the JSON Feed format. To add this feed to your reader, copy the following URL -- https://www.les-communs-dabord.org/appel-a-propositions-festival-des-libertes-numeriques-du-26-janvier-au-8-fevrier-2019/feed/json/ -- and add it your reader.",
    "home_page_url": "https://www.les-communs-dabord.org/appel-a-propositions-festival-des-libertes-numeriques-du-26-janvier-au-8-fevrier-2019/",
    "feed_url": "https://www.les-communs-dabord.org/appel-a-propositions-festival-des-libertes-numeriques-du-26-janvier-au-8-fevrier-2019/feed/json/",
    "language": "fr-FR",
    "title": "Comments on: Appel \u00e0 propositions : Festival des Libert\u00e9s Num\u00e9riques (Rennes &#8211; 26 janvier au 8 f\u00e9vrier 2019)",
    "description": "le media des communs",
    "icon": "https://www.les-communs-dabord.org/wp-content/uploads/sites/18/2016/07/favicon-lcd.png"
}